{"id":31348,"date":"2021-08-26T18:05:18","date_gmt":"2021-08-26T23:05:18","guid":{"rendered":"http:\/\/www.zonaroja.com.mx\/?p=31348"},"modified":"2021-08-26T18:05:21","modified_gmt":"2021-08-26T23:05:21","slug":"reemplazara-sanchez-cordero-a-monreal-en-coordinacion-del-senado","status":"publish","type":"post","link":"https:\/\/zonaroja.com.mx\/?p=31348","title":{"rendered":"Reemplazar\u00e1 S\u00e1nchez Cordero a Monreal en coordinaci\u00f3n del Senado"},"content":{"rendered":"\n<p>Redacci\u00f3n\/Zona Roja Cdmx.<\/p>\n\n\n\n<p>Ciudad de M\u00e9xico, 26 de agosto de 2021.- Tras la renuncia de Olga S\u00e1nchez Cordero a la Secretar\u00eda de Gobernaci\u00f3n, el Presidente de M\u00e9xico, Andr\u00e9s Manuel L\u00f3pez Obrador, anunci\u00f3 que el a\u00fan gobernador de Tabasco, Ad\u00e1n Augusto L\u00f3pez, ser\u00e1 propuesto al cargo, una vez que pida licencia.<\/p>\n\n\n\n<p>En tanto, en la C\u00e1mara Alta, esta tarde se oficializ\u00f3 que la ahora ex secretaria asumir\u00e1 la presidencia del Senado y la coordinaci\u00f3n de la bancada del Partido Morena, en reemplazo de Ricardo Monreal \u00c1vila.<\/p>\n\n\n\n<p>El propio Monreal dio a conocer que Marybel Villegas, Imelda Castro, Bertha Caraveo y Ana Lilia Rivera declinaron su aspiraci\u00f3n a la candidatura de la presidencia de la Mesa Directiva del Senado de la Rep\u00fablica para que S\u00e1nchez Cordero sea presentada como candidata de unidad.&nbsp;<\/p>\n\n\n\n<p>\u201cHe conversado con las aspirantes a presidir la Mesa Directiva, y con las senadoras y los senadores del Grupo Parlamentario, para proponer a la Dra. Olga S\u00e1nchez Cordero como presidenta del Senado para el primer a\u00f1o de la LXV Legislatura\u201d, dijo a trav\u00e9s de un video.<\/p>\n\n\n\n<figure class=\"wp-block-embed-twitter wp-block-embed is-type-rich is-provider-twitter\"><div class=\"wp-block-embed__wrapper\">\n<div class=\"twitter-tweet\"><blockquote class=\"twitter-tweet\" data-lang=\"es\"><p lang=\"es\" dir=\"ltr\"><a href=\"https:\/\/twitter.com\/hashtag\/%C3%9AltimoMinuto?src=hash&amp;ref_src=twsrc%5Etfw\">#\u00daltimoMinuto<\/a><br>Ad\u00e1n Augusto L\u00f3pez Hern\u00e1ndez, gobernador de <a href=\"https:\/\/twitter.com\/hashtag\/Tabasco?src=hash&amp;ref_src=twsrc%5Etfw\">#Tabasco<\/a>, ser\u00e1 el nuevo secretario de Gobernaci\u00f3n, anunci\u00f3 hoy el Presidente Andr\u00e9s Manuel L\u00f3pez Obrador, al agradecer a Olga S\u00e1nchez Cordero su colaboraci\u00f3n en la Segob; la ahora ex funcionaria se reincorpora al Senado. <a href=\"https:\/\/t.co\/J3heKhMayj\">pic.twitter.com\/J3heKhMayj<\/a><\/p>&mdash; Zona Roja Oaxaca (@Zona_Roja_Oax) <a href=\"https:\/\/twitter.com\/Zona_Roja_Oax\/status\/1430985681300504583?ref_src=twsrc%5Etfw\">26 de agosto de 2021<\/a><\/blockquote><\/div>\n<\/div><\/figure>\n\n\n\n<p>Horas antes, tambi\u00e9n a trav\u00e9s de un video difundido en sus redes sociales, el mandatario L\u00f3pez Obrador dio a conocer la decisi\u00f3n de Olga S\u00e1nchez Cordero.<\/p>\n\n\n\n<p>\u201cLa licenciada Olga S\u00e1nchez Cordero, cuando la invit\u00e9 a trabajar en este proceso de transformaci\u00f3n me coment\u00f3 que su sue\u00f1o era llegar al Senado y por eso la propusimos, pero yo la invit\u00e9 porque quer\u00eda dejar el antecedente de que una mujer podr\u00eda ocupar ese cargo, el de secretaria de Gobernaci\u00f3n.<\/p>\n\n\n\n<p>\u201cMe ha ayudado mucho, la estimo, ha sido leal, ha estado con nosotros\u00bb, dijo en un mensaje en redes sociales.<\/p>\n\n\n\n<p>\u201cAgradec\u00ed de todo coraz\u00f3n el apoyo de Olga S\u00e1nchez Cordero, quien nos ayud\u00f3 como secretaria de Gobernaci\u00f3n. Mi amigo, paisano y compa\u00f1ero entra\u00f1able, Ad\u00e1n Augusto L\u00f3pez Hern\u00e1ndez, previa solicitud de licencia como gobernador de Tabasco, ser\u00e1 el nuevo secretario de Gobernaci\u00f3n\u201d, dio a conocer.<\/p>\n","protected":false},"excerpt":{"rendered":"<p>Redacci\u00f3n\/Zona Roja Cdmx. Ciudad de M\u00e9xico, 26 de agosto de 2021.- Tras la renuncia de&hellip;<\/p>\n","protected":false},"author":2,"featured_media":31349,"comment_status":"closed","ping_status":"open","sticky":false,"template":"","format":"standard","meta":{"_lmt_disableupdate":"","_lmt_disable":"","_jetpack_memberships_contains_paid_content":false,"footnotes":""},"categories":[109,46],"tags":[143],"class_list":["post-31348","post","type-post","status-publish","format-standard","has-post-thumbnail","hentry","category-minuto-a-minuto","category-zona-blanca","tag-andres-manuel-lopez-obrador"],"jetpack_featured_media_url":"https:\/\/zonaroja.com.mx\/wp-content\/uploads\/2021\/08\/Lopez-Obrador-Adan-Olga-Sanchez.png","jetpack_sharing_enabled":true,"_links":{"self":[{"href":"https:\/\/zonaroja.com.mx\/index.php?rest_route=\/wp\/v2\/posts\/31348","targetHints":{"allow":["GET"]}}],"collection":[{"href":"https:\/\/zonaroja.com.mx\/index.php?rest_route=\/wp\/v2\/posts"}],"about":[{"href":"https:\/\/zonaroja.com.mx\/index.php?rest_route=\/wp\/v2\/types\/post"}],"author":[{"embeddable":true,"href":"https:\/\/zonaroja.com.mx\/index.php?rest_route=\/wp\/v2\/users\/2"}],"replies":[{"embeddable":true,"href":"https:\/\/zonaroja.com.mx\/index.php?rest_route=%2Fwp%2Fv2%2Fcomments&post=31348"}],"version-history":[{"count":1,"href":"https:\/\/zonaroja.com.mx\/index.php?rest_route=\/wp\/v2\/posts\/31348\/revisions"}],"predecessor-version":[{"id":31350,"href":"https:\/\/zonaroja.com.mx\/index.php?rest_route=\/wp\/v2\/posts\/31348\/revisions\/31350"}],"wp:featuredmedia":[{"embeddable":true,"href":"https:\/\/zonaroja.com.mx\/index.php?rest_route=\/wp\/v2\/media\/31349"}],"wp:attachment":[{"href":"https:\/\/zonaroja.com.mx\/index.php?rest_route=%2Fwp%2Fv2%2Fmedia&parent=31348"}],"wp:term":[{"taxonomy":"category","embeddable":true,"href":"https:\/\/zonaroja.com.mx\/index.php?rest_route=%2Fwp%2Fv2%2Fcategories&post=31348"},{"taxonomy":"post_tag","embeddable":true,"href":"https:\/\/zonaroja.com.mx\/index.php?rest_route=%2Fwp%2Fv2%2Ftags&post=31348"}],"curies":[{"name":"wp","href":"https:\/\/api.w.org\/{rel}","templated":true}]}}