{"id":31353,"date":"2021-08-26T21:51:31","date_gmt":"2021-08-27T02:51:31","guid":{"rendered":"http:\/\/www.zonaroja.com.mx\/?p=31353"},"modified":"2021-08-26T21:54:20","modified_gmt":"2021-08-27T02:54:20","slug":"mujeres-exigen-renuncia-de-funcionarios-de-la-fiscalia-de-oaxaca","status":"publish","type":"post","link":"https:\/\/zonaroja.com.mx\/?p=31353","title":{"rendered":"Mujeres exigen renuncia de funcionarios de la Fiscal\u00eda de Oaxaca"},"content":{"rendered":"\n<p>Redacci\u00f3n\/Zona Roja.<\/p>\n\n\n\n<p>Oaxaca de Ju\u00e1rez, Oax., 26 de agosto de 2021.- Integrantes del Colectivo Violencia por Ser Mujer se pronunciaron de nueva cuenta en contra de la justicia selectiva de la Fiscal\u00eda General del Estado de Oaxaca.<\/p>\n\n\n\n<p>Pero adem\u00e1s, pidieron la destituci\u00f3n de dos funcionarios, a\u00fan en cargos de mando en esa instituci\u00f3n que encabeza Arturo Peimbert Calvo.<\/p>\n\n\n\n<p>Se trata del subdirector Jacob Israel Guzm\u00e1n Hern\u00e1ndez y actual Vicefiscal Regional de la Cuenca, Jos\u00e9 Xabier Ter\u00e1n, a quienes se\u00f1alan de uso excesiva de la fuerza durante un cateo a un domicilio y por lo cual exigen sean destituidos de sus cargos y sancionados.<\/p>\n\n\n\n<p>\u201cFuimos a denunciar los hechos y es la hora que la Carpeta de Investigaci\u00f3n que se est\u00e1 realizando, le dieron un carpetazo. \u00a1Arturo Peimbert, te exijo las destituciones\u201d, sostuvo una de ellas.<\/p>\n\n\n\n<p>\u201cNos da tristeza porque dentro de la sociedad las mujeres somos uno de los sectores m\u00e1s vulnerables y estamos en representaci\u00f3n de todas aquellas que han sido violentadas en sus derechos.<\/p>\n\n\n\n<figure class=\"wp-block-embed-twitter wp-block-embed is-type-rich is-provider-twitter\"><div class=\"wp-block-embed__wrapper\">\n<div class=\"twitter-tweet\"><blockquote class=\"twitter-tweet\" data-lang=\"es\"><p lang=\"es\" dir=\"ltr\"><a href=\"https:\/\/twitter.com\/hashtag\/ENVIVO?src=hash&amp;ref_src=twsrc%5Etfw\">#ENVIVO<\/a> <br>Oaxaca de Ju\u00e1rez, Oax., 26 de agosto de 2021.- En conferencia de prensa, la familia Vera Hern\u00e1ndez denuncia vejaciones y violaciones a sus derechos por parte de la <a href=\"https:\/\/twitter.com\/FISCALIA_GobOax?ref_src=twsrc%5Etfw\">@FISCALIA_GobOax<\/a>, los cuales permanecen impunes. <br>Aqu\u00ed la transmisi\u00f3n:<br>\ud83d\udc47<a href=\"https:\/\/t.co\/XadSuTG8WY\">https:\/\/t.co\/XadSuTG8WY<\/a><\/p>&mdash; Zona Roja Oaxaca (@Zona_Roja_Oax) <a href=\"https:\/\/twitter.com\/Zona_Roja_Oax\/status\/1430914324705554434?ref_src=twsrc%5Etfw\">26 de agosto de 2021<\/a><\/blockquote><\/div>\n<\/div><\/figure>\n\n\n\n<p>\u201cTambi\u00e9n nos ponemos en el lugar de quienes han sufrido de violencia; la ley no existe para nosotros, Oaxaca est\u00e1 por los suelos en esta situaci\u00f3n\u201d, clam\u00f3 una m\u00e1s entre las femeninas encabezadas por Ana Laura Herrera.<\/p>\n\n\n\n<p>Entre las manifestantes se encontraban familiares del ex diputado local Juan Antonio V. C., quienes denunciaron vejaciones y cuyas denuncias no han prosperado.<\/p>\n\n\n\n<p>La madre de Juan Antonio Hern\u00e1ndez Vera, lament\u00f3 que la Fiscal\u00eda General est\u00e9 criminalizando a \u00e9ste, al difundir de manera masiva en espectaculares, adem\u00e1s de da\u00f1ar psicol\u00f3gicamente a sus hijos.<\/p>\n\n\n\n<p>En el acto efectuado en la explanada de Santo Domingo de Guzm\u00e1n, una menor de edad dio su testimonio, al hablar de los actos de violencia de que fue v\u00edctima, junto con sus familiares, durante el cateo al domicilio de Juan Antonio V. C., en que adem\u00e1s sustrajeron diversos bienes, seg\u00fan denunciaron.<\/p>\n\n\n\n<p>\u201cSoy A. B. y tengo 17 a\u00f1os de edad; les voy contar c\u00f3mo en enero de 2020, por \u00f3rdenes del se\u00f1or Rub\u00e9n Vasconcelos, me violentaron siendo menor de edad\u2026 entraron personas encapuchadas, nos vejaron, nos sometieron, entr\u00e9 en shock\u201d, dijo.<\/p>\n\n\n\n<p>Las integrantes del colectivo expusieron que continuar\u00e1n con sus actividades pac\u00edficas en busca de justicia para las mujeres que han sido violentadas y que no son atendidas por la Fiscal\u00eda.<\/p>\n\n\n\n<p>Por otra parte, lamentaron que se criminalice su lucha leg\u00edtima y denunciaron ataques pol\u00edticos, al tiempo de deslindarse de se\u00f1alamientos en el sentido de que buscan que se liberen a algunas personas en proceso judicial.<\/p>\n","protected":false},"excerpt":{"rendered":"<p>Redacci\u00f3n\/Zona Roja. Oaxaca de Ju\u00e1rez, Oax., 26 de agosto de 2021.- Integrantes del Colectivo Violencia&hellip;<\/p>\n","protected":false},"author":2,"featured_media":31354,"comment_status":"closed","ping_status":"open","sticky":false,"template":"","format":"standard","meta":{"_lmt_disableupdate":"","_lmt_disable":"","_jetpack_memberships_contains_paid_content":false,"footnotes":""},"categories":[109,47],"tags":[],"class_list":["post-31353","post","type-post","status-publish","format-standard","has-post-thumbnail","hentry","category-minuto-a-minuto","category-zona-gris"],"jetpack_featured_media_url":"https:\/\/zonaroja.com.mx\/wp-content\/uploads\/2021\/08\/Colectivo-Violencia-por-ser-Mujer.jpg","jetpack_sharing_enabled":true,"_links":{"self":[{"href":"https:\/\/zonaroja.com.mx\/index.php?rest_route=\/wp\/v2\/posts\/31353","targetHints":{"allow":["GET"]}}],"collection":[{"href":"https:\/\/zonaroja.com.mx\/index.php?rest_route=\/wp\/v2\/posts"}],"about":[{"href":"https:\/\/zonaroja.com.mx\/index.php?rest_route=\/wp\/v2\/types\/post"}],"author":[{"embeddable":true,"href":"https:\/\/zonaroja.com.mx\/index.php?rest_route=\/wp\/v2\/users\/2"}],"replies":[{"embeddable":true,"href":"https:\/\/zonaroja.com.mx\/index.php?rest_route=%2Fwp%2Fv2%2Fcomments&post=31353"}],"version-history":[{"count":2,"href":"https:\/\/zonaroja.com.mx\/index.php?rest_route=\/wp\/v2\/posts\/31353\/revisions"}],"predecessor-version":[{"id":31356,"href":"https:\/\/zonaroja.com.mx\/index.php?rest_route=\/wp\/v2\/posts\/31353\/revisions\/31356"}],"wp:featuredmedia":[{"embeddable":true,"href":"https:\/\/zonaroja.com.mx\/index.php?rest_route=\/wp\/v2\/media\/31354"}],"wp:attachment":[{"href":"https:\/\/zonaroja.com.mx\/index.php?rest_route=%2Fwp%2Fv2%2Fmedia&parent=31353"}],"wp:term":[{"taxonomy":"category","embeddable":true,"href":"https:\/\/zonaroja.com.mx\/index.php?rest_route=%2Fwp%2Fv2%2Fcategories&post=31353"},{"taxonomy":"post_tag","embeddable":true,"href":"https:\/\/zonaroja.com.mx\/index.php?rest_route=%2Fwp%2Fv2%2Ftags&post=31353"}],"curies":[{"name":"wp","href":"https:\/\/api.w.org\/{rel}","templated":true}]}}