{"id":31357,"date":"2021-08-26T22:23:32","date_gmt":"2021-08-27T03:23:32","guid":{"rendered":"http:\/\/www.zonaroja.com.mx\/?p=31357"},"modified":"2021-08-26T22:23:34","modified_gmt":"2021-08-27T03:23:34","slug":"mueren-dos-en-accidente-carretero-atrapan-a-taxista-delincuente","status":"publish","type":"post","link":"https:\/\/zonaroja.com.mx\/?p=31357","title":{"rendered":"Mueren dos en accidente carretero; atrapan a taxista delincuente"},"content":{"rendered":"\n<p>Redacci\u00f3n\/Zona Roja.<\/p>\n\n\n\n<p>Oaxaca de Ju\u00e1rez, Oax., 26 de agosto de 2021.- Dos personas del sexo masculino perdieron la vida hoy, en un accidente carretero ocurrido en la v\u00eda que conduce de la Villa de Etla a San Juan Bautista Jayacatl\u00e1n, Oaxaca.<\/p>\n\n\n\n<p>Los hechos sucedieron la tarde de este jueves y de manera preliminar se inform\u00f3 que se trata de una unidad de motor de una empresa de venta de materiales para la construcci\u00f3n, que cay\u00f3 a un barranco.<\/p>\n\n\n\n<p>Hasta el momento no hay m\u00e1s detalles acerca del percance y de la identidad de las v\u00edctimas.<\/p>\n\n\n\n<p>TAXISTAS DELINCUENTES<\/p>\n\n\n\n<p>Por otra parte, la tarde de este d\u00eda, dos sujetos a bordo de un taxi colectivo perpetraron un asalto violento a un cami\u00f3n repartidor de frituras en la colonia Netzahualc\u00f3yotl de la agencia de San Mart\u00edn Mexic\u00e1pam, en la ciudad de Oaxaca-<\/p>\n\n\n\n<p>A bordo de una unidad del transporte p\u00fablico con n\u00famero econ\u00f3mico 13-176, del sitio \u201cAlem\u00e1n\u201d, de San Andr\u00e9s Zautla, descendieron dos sujetos y con violencia robaron el dinero a una mujer que conduc\u00eda la unidad, tras lo cual huyeron.<\/p>\n\n\n\n<p>Elementos de las polic\u00edas Vial Estatal y Estatal iniciaron de inmediato la b\u00fasqueda y poco despu\u00e9s el taxi fue localizado en inmediaciones de la colonia La Joya, de la agencia de Pueblo Nuevo.<\/p>\n\n\n\n<p>Ah\u00ed detuvieron a quien se identific\u00f3 como D. L. G., quien fue puesto a disposici\u00f3n de las autoridades de la Fiscal\u00eda General del Estado de Oaxaca.<\/p>\n\n\n\n<p>Por su parte, el titular de la Secretar\u00eda de Movilidad (Semovi), Arturo L\u00f3pez Sorroza, inform\u00f3 que de inmediato se iniciaron las acciones conjuntas con la Fiscal\u00eda, para llamar al concesionario de dicho taxi y, en su caso, suspender o cancelar la concesi\u00f3n, por haber sido utilizada la unidad en un hecho delictivo.<\/p>\n","protected":false},"excerpt":{"rendered":"<p>Redacci\u00f3n\/Zona Roja. Oaxaca de Ju\u00e1rez, Oax., 26 de agosto de 2021.- Dos personas del sexo&hellip;<\/p>\n","protected":false},"author":2,"featured_media":31358,"comment_status":"closed","ping_status":"open","sticky":false,"template":"","format":"standard","meta":{"_lmt_disableupdate":"","_lmt_disable":"","_jetpack_memberships_contains_paid_content":false,"footnotes":""},"categories":[109,47],"tags":[2865],"class_list":["post-31357","post","type-post","status-publish","format-standard","has-post-thumbnail","hentry","category-minuto-a-minuto","category-zona-gris","tag-san-juan-bautista-jayacatlan"],"jetpack_featured_media_url":"https:\/\/zonaroja.com.mx\/wp-content\/uploads\/2021\/08\/Accidente-Jayacatlan.jpg","jetpack_sharing_enabled":true,"_links":{"self":[{"href":"https:\/\/zonaroja.com.mx\/index.php?rest_route=\/wp\/v2\/posts\/31357","targetHints":{"allow":["GET"]}}],"collection":[{"href":"https:\/\/zonaroja.com.mx\/index.php?rest_route=\/wp\/v2\/posts"}],"about":[{"href":"https:\/\/zonaroja.com.mx\/index.php?rest_route=\/wp\/v2\/types\/post"}],"author":[{"embeddable":true,"href":"https:\/\/zonaroja.com.mx\/index.php?rest_route=\/wp\/v2\/users\/2"}],"replies":[{"embeddable":true,"href":"https:\/\/zonaroja.com.mx\/index.php?rest_route=%2Fwp%2Fv2%2Fcomments&post=31357"}],"version-history":[{"count":1,"href":"https:\/\/zonaroja.com.mx\/index.php?rest_route=\/wp\/v2\/posts\/31357\/revisions"}],"predecessor-version":[{"id":31359,"href":"https:\/\/zonaroja.com.mx\/index.php?rest_route=\/wp\/v2\/posts\/31357\/revisions\/31359"}],"wp:featuredmedia":[{"embeddable":true,"href":"https:\/\/zonaroja.com.mx\/index.php?rest_route=\/wp\/v2\/media\/31358"}],"wp:attachment":[{"href":"https:\/\/zonaroja.com.mx\/index.php?rest_route=%2Fwp%2Fv2%2Fmedia&parent=31357"}],"wp:term":[{"taxonomy":"category","embeddable":true,"href":"https:\/\/zonaroja.com.mx\/index.php?rest_route=%2Fwp%2Fv2%2Fcategories&post=31357"},{"taxonomy":"post_tag","embeddable":true,"href":"https:\/\/zonaroja.com.mx\/index.php?rest_route=%2Fwp%2Fv2%2Ftags&post=31357"}],"curies":[{"name":"wp","href":"https:\/\/api.w.org\/{rel}","templated":true}]}}