{"id":31360,"date":"2021-08-26T22:30:43","date_gmt":"2021-08-27T03:30:43","guid":{"rendered":"http:\/\/www.zonaroja.com.mx\/?p=31360"},"modified":"2021-08-26T22:30:47","modified_gmt":"2021-08-27T03:30:47","slug":"no-cede-el-covid-hoy-653-casos-positivos-y-12-decesos","status":"publish","type":"post","link":"https:\/\/zonaroja.com.mx\/?p=31360","title":{"rendered":"No cede el Covid: hoy 653 casos positivos y 12 decesos"},"content":{"rendered":"\n<p>Redacci\u00f2n\/Zona Roja.<\/p>\n\n\n\n<p>Oaxaca de Ju\u00e1rez, Oax. 26 de agosto de 2021.- Los Servicios de Salud de Oaxaca reportaron este jueves 65 mil 503 casos acumulados de Covid-19, 653 m\u00e1s que el d\u00eda 25 de agosto, \u00e9stos \u00faltimos en 112 municipios, para un total de 193 comunidades con presencia activa de la pandemia, al sumar este jueves un global de dos mil 411 personas que presentaron s\u00edntomas en los \u00faltimos 14 d\u00edas.<\/p>\n\n\n\n<p>La dependencia especific\u00f3 que las localidades que tienen diagn\u00f3sticos nuevos en las \u00faltimas 24 horas son: Oaxaca de Ju\u00e1rez con 134 casos, Ciudad Ixtepec con 40, Heroica Ciudad de Juchit\u00e1n de Zaragoza con 39, Santa Cruz Xoxocotl\u00e1n con 34 y Heroica Ciudad de Huajuapan de Le\u00f3n con 29, principalmente.<\/p>\n\n\n\n<p>A\u00f1adi\u00f3 que, se sumaron a la estad\u00edstica estatal, 12 defunciones, para un total de cuatro mil 499 muertes acumuladas, siendo Valles Centrales, la Jurisdicci\u00f3n Sanitaria con m\u00e1s reportes, al cuantificar dos mil 062 decesos, seguido del Istmo con 942, Mixteca con 452, Tuxtepec con 415, Costa con 384 y la Sierra con 244.<\/p>\n\n\n\n<p>A la fecha se han notificado 44 mil 738 personas que han salido negativos a la prueba para la detecci\u00f3n de la enfermedad, seis mil 835 son sospechosos y 58 mil 593 se han recuperado.<\/p>\n\n\n\n<p>En relaci\u00f3n a los casos positivos, se\u00f1al\u00f3 que, 39 mil 980 corresponden a Valles Centrales, ocho mil 479 al Istmo, cuatro mil 624 a Tuxtepec, cuatro mil 938 a la Costa, cinco mil 296 a la Mixteca, y dos mil 186 a la Sierra.<\/p>\n\n\n\n<figure class=\"wp-block-embed-twitter wp-block-embed is-type-rich is-provider-twitter\"><div class=\"wp-block-embed__wrapper\">\n<div class=\"twitter-tweet\"><blockquote class=\"twitter-tweet\" data-lang=\"es\"><p lang=\"es\" dir=\"ltr\"><a href=\"https:\/\/twitter.com\/hashtag\/%C3%9AltimoMinuto?src=hash&amp;ref_src=twsrc%5Etfw\">#\u00daltimoMinuto<\/a><br>En <a href=\"https:\/\/twitter.com\/hashtag\/Oaxaca?src=hash&amp;ref_src=twsrc%5Etfw\">#Oaxaca<\/a>, este jueves los Servicios de Salud reportaron 653 casos positivos de Covid, para un total de 65 mil 503 casos confirmados.<br>Tambi\u00e9n 12 decesos, para un total de 4 mil 499 fallecimientos.<br>Hay 19 hospitales saturados y ocupaci\u00f3n hospitalaria de 73.2%. <a href=\"https:\/\/t.co\/405utgzT1o\">pic.twitter.com\/405utgzT1o<\/a><\/p>&mdash; Zona Roja Oaxaca (@Zona_Roja_Oax) <a href=\"https:\/\/twitter.com\/Zona_Roja_Oax\/status\/1431064693888536581?ref_src=twsrc%5Etfw\">27 de agosto de 2021<\/a><\/blockquote><\/div>\n<\/div><\/figure>\n\n\n\n<p>Por tipo de atenci\u00f3n, desde el inicio de la emergencia sanitaria nueve mil 552 personas han sido hospitalizadas y 55 mil 951 han cursado la enfermedad en sus domicilios, siendo el grupo de edad con la incidencia m\u00e1s alta de contagios el de 25 a 44 a\u00f1os con un global de 30 mil 940 pacientes.<\/p>\n\n\n\n<p>Ello ha ocasionado una alta ocupaci\u00f3n hospitalaria para la atenci\u00f3n de pacientes con insuficiencia respiratoria cr\u00edtica ocasionada por este Coronavirus, tras llegar este 26 de agosto al 73.2% de saturaci\u00f3n, con 19 nosocomios trabajando a su m\u00e1xima capacidad.<\/p>\n\n\n\n<p>As\u00ed tambi\u00e9n, se registran 23 ingresos hospitalarios nuevos, para un total de 363 camas ocupadas y 133 disponibles. Mientras que, por Jurisdicci\u00f3n Sanitaria, Valles Centrales se encuentra al 88.2% de saturaci\u00f3n, Mixteca al 86.1%, Tuxtepec al 69%, Istmo al 54.4%, Costa al 54.1% y la Sierra se mantiene en 0 por ciento. <\/p>\n\n\n\n<p>La instituci\u00f3n hizo un llamado a la poblaci\u00f3n que en caso de requerir salir al espacio p\u00fablico se debe procurar que sea por corto tiempo, evitar las aglomeraciones, mantener distancia de 1.5 metros entre personas, usar adecuadamente el cubrebocas y lavarse frecuentemente las manos con agua y jab\u00f3n.<\/p>\n","protected":false},"excerpt":{"rendered":"<p>Redacci\u00f2n\/Zona Roja. Oaxaca de Ju\u00e1rez, Oax. 26 de agosto de 2021.- Los Servicios de Salud&hellip;<\/p>\n","protected":false},"author":2,"featured_media":31361,"comment_status":"closed","ping_status":"open","sticky":false,"template":"","format":"standard","meta":{"_lmt_disableupdate":"","_lmt_disable":"","_jetpack_memberships_contains_paid_content":false,"footnotes":""},"categories":[109,47],"tags":[1512],"class_list":["post-31360","post","type-post","status-publish","format-standard","has-post-thumbnail","hentry","category-minuto-a-minuto","category-zona-gris","tag-coronavirus-oaxaca"],"jetpack_featured_media_url":"https:\/\/zonaroja.com.mx\/wp-content\/uploads\/2021\/08\/GRAFICA-SSO-02.jpg","jetpack_sharing_enabled":true,"_links":{"self":[{"href":"https:\/\/zonaroja.com.mx\/index.php?rest_route=\/wp\/v2\/posts\/31360","targetHints":{"allow":["GET"]}}],"collection":[{"href":"https:\/\/zonaroja.com.mx\/index.php?rest_route=\/wp\/v2\/posts"}],"about":[{"href":"https:\/\/zonaroja.com.mx\/index.php?rest_route=\/wp\/v2\/types\/post"}],"author":[{"embeddable":true,"href":"https:\/\/zonaroja.com.mx\/index.php?rest_route=\/wp\/v2\/users\/2"}],"replies":[{"embeddable":true,"href":"https:\/\/zonaroja.com.mx\/index.php?rest_route=%2Fwp%2Fv2%2Fcomments&post=31360"}],"version-history":[{"count":1,"href":"https:\/\/zonaroja.com.mx\/index.php?rest_route=\/wp\/v2\/posts\/31360\/revisions"}],"predecessor-version":[{"id":31362,"href":"https:\/\/zonaroja.com.mx\/index.php?rest_route=\/wp\/v2\/posts\/31360\/revisions\/31362"}],"wp:featuredmedia":[{"embeddable":true,"href":"https:\/\/zonaroja.com.mx\/index.php?rest_route=\/wp\/v2\/media\/31361"}],"wp:attachment":[{"href":"https:\/\/zonaroja.com.mx\/index.php?rest_route=%2Fwp%2Fv2%2Fmedia&parent=31360"}],"wp:term":[{"taxonomy":"category","embeddable":true,"href":"https:\/\/zonaroja.com.mx\/index.php?rest_route=%2Fwp%2Fv2%2Fcategories&post=31360"},{"taxonomy":"post_tag","embeddable":true,"href":"https:\/\/zonaroja.com.mx\/index.php?rest_route=%2Fwp%2Fv2%2Ftags&post=31360"}],"curies":[{"name":"wp","href":"https:\/\/api.w.org\/{rel}","templated":true}]}}