{"id":31363,"date":"2021-08-27T07:34:41","date_gmt":"2021-08-27T12:34:41","guid":{"rendered":"http:\/\/www.zonaroja.com.mx\/?p=31363"},"modified":"2021-08-27T07:34:43","modified_gmt":"2021-08-27T12:34:43","slug":"matan-a-balazos-a-otra-mujer-en-oaxaca-ahora-en-jamiltepec","status":"publish","type":"post","link":"https:\/\/zonaroja.com.mx\/?p=31363","title":{"rendered":"Matan a balazos a otra mujer en Oaxaca, ahora en Jamiltepec"},"content":{"rendered":"\n<p>Redacci\u00f3n\/Zona Roja.<\/p>\n\n\n\n<p>Oaxaca de Ju\u00e1rez, Oax., 27 de agosto de 2021.- Una segunda mujer fue asesinada por disparos de arma de fuego esta semana en el estado de Oaxaca.<\/p>\n\n\n\n<p>El m\u00e1s reciente caso ocurri\u00f3 en Santiago Jamiltepec, municipio de la regi\u00f3n de la Costa, en que una pareja fue atacada a balazos. La femenina identificada como Alicia M. V., de 19 a\u00f1os de edad, muri\u00f3 cuando recib\u00eda atenci\u00f3n m\u00e9dica en el hospital.<\/p>\n\n\n\n<p>La agresi\u00f3n armada ocurri\u00f3 la tarde de ayer jueves en esa cabecera municipal, en contra de los ocupantes de una camioneta Nissan con placas de circulaci\u00f3n HG-7818-A del estado de Guerrero.<\/p>\n\n\n\n<p>La persona del sexo masculino, quien conduc\u00eda la unidad de motor, convalece a\u00fan y esta ma\u00f1ana lo reportan como delicado de salud.<\/p>\n\n\n\n<p>Personal de la Vicefiscal\u00eda Regional de la Costa inici\u00f3 las indagatorias correspondientes, pero a\u00fan no personas detenidas ni indicios del o los probables agresores.<\/p>\n\n\n\n<p>Apenas el pasado martes ocurri\u00f3 otro ataque armado en contra de los ocupantes de una unidad de motor, este caso en la carretera a Bah\u00eda La Ventosa, agencia de Salina Cruz, en que perdieron la vida los ocupantes, entre ellos una mujer.<\/p>\n\n\n\n<p>OTRO INDIGENTE<\/p>\n\n\n\n<p>Por otra parte, ayer por la ma\u00f1ana muri\u00f3 un probable indigente, de nueva cuenta en jurisdicci\u00f3n del Mercado de Abasto de la ciudad de Oaxaca.<\/p>\n\n\n\n<p>La v\u00edctima a\u00fan no ha sido identificada y el cuerpo se hall\u00f3 en inmediaciones de la calle Margarita Maza de Ju\u00e1rez.<\/p>\n","protected":false},"excerpt":{"rendered":"<p>Redacci\u00f3n\/Zona Roja. Oaxaca de Ju\u00e1rez, Oax., 27 de agosto de 2021.- Una segunda mujer fue&hellip;<\/p>\n","protected":false},"author":2,"featured_media":31364,"comment_status":"closed","ping_status":"open","sticky":false,"template":"","format":"standard","meta":{"_lmt_disableupdate":"","_lmt_disable":"","_jetpack_memberships_contains_paid_content":false,"footnotes":""},"categories":[109,47],"tags":[797],"class_list":["post-31363","post","type-post","status-publish","format-standard","has-post-thumbnail","hentry","category-minuto-a-minuto","category-zona-gris","tag-santiago-jamiltepec"],"jetpack_featured_media_url":"https:\/\/zonaroja.com.mx\/wp-content\/uploads\/2021\/08\/Mujer-asesinada-Costa-Jamiltepec.jpg","jetpack_sharing_enabled":true,"_links":{"self":[{"href":"https:\/\/zonaroja.com.mx\/index.php?rest_route=\/wp\/v2\/posts\/31363","targetHints":{"allow":["GET"]}}],"collection":[{"href":"https:\/\/zonaroja.com.mx\/index.php?rest_route=\/wp\/v2\/posts"}],"about":[{"href":"https:\/\/zonaroja.com.mx\/index.php?rest_route=\/wp\/v2\/types\/post"}],"author":[{"embeddable":true,"href":"https:\/\/zonaroja.com.mx\/index.php?rest_route=\/wp\/v2\/users\/2"}],"replies":[{"embeddable":true,"href":"https:\/\/zonaroja.com.mx\/index.php?rest_route=%2Fwp%2Fv2%2Fcomments&post=31363"}],"version-history":[{"count":1,"href":"https:\/\/zonaroja.com.mx\/index.php?rest_route=\/wp\/v2\/posts\/31363\/revisions"}],"predecessor-version":[{"id":31365,"href":"https:\/\/zonaroja.com.mx\/index.php?rest_route=\/wp\/v2\/posts\/31363\/revisions\/31365"}],"wp:featuredmedia":[{"embeddable":true,"href":"https:\/\/zonaroja.com.mx\/index.php?rest_route=\/wp\/v2\/media\/31364"}],"wp:attachment":[{"href":"https:\/\/zonaroja.com.mx\/index.php?rest_route=%2Fwp%2Fv2%2Fmedia&parent=31363"}],"wp:term":[{"taxonomy":"category","embeddable":true,"href":"https:\/\/zonaroja.com.mx\/index.php?rest_route=%2Fwp%2Fv2%2Fcategories&post=31363"},{"taxonomy":"post_tag","embeddable":true,"href":"https:\/\/zonaroja.com.mx\/index.php?rest_route=%2Fwp%2Fv2%2Ftags&post=31363"}],"curies":[{"name":"wp","href":"https:\/\/api.w.org\/{rel}","templated":true}]}}