{"id":31366,"date":"2021-08-27T07:51:56","date_gmt":"2021-08-27T12:51:56","guid":{"rendered":"http:\/\/www.zonaroja.com.mx\/?p=31366"},"modified":"2021-08-27T07:52:00","modified_gmt":"2021-08-27T12:52:00","slug":"opinion-los-brazos-del-presindete","status":"publish","type":"post","link":"https:\/\/zonaroja.com.mx\/?p=31366","title":{"rendered":"Opini\u00f3n. Los brazos del presindete"},"content":{"rendered":"\n<p>Gibr\u00e1n Ram\u00edrez Reyes*<\/p>\n\n\n\n<p>El presidente L\u00f3pez Obrador ha tenido desde el inicio del sexenio dos principales operadores pol\u00edticos. Uno, Ricardo Monreal. Otro, Marcelo Ebrard.<\/p>\n\n\n\n<p>El primero logr\u00f3 tejer las mayor\u00edas que permitieron las reformas fundamentales teniendo en contra los n\u00fameros del Senado.<\/p>\n\n\n\n<p>El segundo ha sido pieza clave casi en cada emergencia de la Rep\u00fablica: la crisis migratoria, la amenaza arancelaria de Trump y hasta buena parte de la pol\u00edtica frente a la pandemia.<\/p>\n\n\n\n<p>En los \u00faltimos tiempos se ha sembrado en el trigo la ciza\u00f1a que ha llevado a la cabeza a tener gestos de distanciamiento con sus brazos. Al primero, lo margin\u00f3 al excluirlo en su primera menci\u00f3n de los presidenciables, aunque lo incluyera en la segunda, pero sin nombrarlo (todos pueden, dijo el Presidente, incluidos los l\u00edderes parlamentarios).<\/p>\n\n\n\n<p>Al segundo le lleg\u00f3 su turno con un nombramiento menor, el de Brenda Lozano. Y digo que es menor porque por a\u00f1os han ocupado altos y fundamentales puestos en el gobierno personas vinculadas estrechamente a los sectores capitalistas trasnacionales que parten el queso en los sectores minero, farmac\u00e9utico o de la agroindustria.<\/p>\n\n\n\n<p>Se asume y se respeta, porque gobernar implica gestionar contradicciones y el Presidente eligi\u00f3 antes un gobierno de unidad nacional que uno que caminara m\u00e1s a la izquierda, y varios equipos colocaron ese tipo de funcionarios, pero es a Marcelo al \u00fanico que se se\u00f1ala.<\/p>\n\n\n\n<p>En los hechos, quienes montados en la buena fe de algunos tuiteros organizan campa\u00f1as de desprestigio, no cuidan la congruencia en el gobierno, sino que utilizan cualquier pretexto para estigmatizar a sus adversarios en la lid interna.<\/p>\n\n\n\n<p>Su m\u00e9todo es el siguiente: guardan bajo perfil para hacer parecer sus golpes como espont\u00e1neos, aprovechan la informaci\u00f3n de una campa\u00f1a permanente de desprestigio contra los aspirantes presidenciables y hacen ruido tuitero coordinado, prestos a buscar y se\u00f1alar traiciones.<\/p>\n\n\n\n<p>El odio se adue\u00f1a de las redes y el ruido justifica que los temas se toquen en la ma\u00f1anera. Ya lo probaron y, como el Presidente pidi\u00f3 p\u00fablicamente a Ebrard rectificar el nombramiento y lo zarande\u00f3 en ese acto \u2014cambiando la reticencia a entrar en la grilla sucesoria\u2014 repetir\u00e1n la f\u00f3rmula siempre que puedan.<\/p>\n\n\n\n<p>Esto plantea un problema. Sin duda, la cabeza y fondo del cambio de r\u00e9gimen es el Presidente, pero sin brazos operativos ejecutivo y legislativo, ni formas democr\u00e1ticas en el partido es dif\u00edcil cambiar lo que resta.<\/p>\n\n\n\n<p>\u00bfPermitir\u00e1 el Presidente que algunos entre los que se dicen m\u00e1s leales sigan serruchando los brazos operativos faltando la mitad del sexenio?<\/p>\n\n\n\n<p>Deseo profundamente que no sea as\u00ed, que no haya distanciamientos ni par\u00e1lisis, que el Presidente haga lo que resta del sexenio recargado en ambos, ofreciendo garant\u00edas para que Morena vaya a elecciones primarias transparentes, sin m\u00e1s encuestas simuladas, y para que sea realmente el pueblo el que hable por s\u00ed mismo, no la minor\u00eda sectaria que, a la usanza de las sectas, peca en nombre de un dios (al que se puede consultar s\u00f3lo mediante presuntas encuestas guardadas bajo llave) y excomulga a todo aquel que se\u00f1ale su falsedad, que no conspire con ellos o se subordine a su jerarqu\u00eda interna.<\/p>\n\n\n\n<p>Sabemos que el sectarismo y el problema sucesorio se han tragado m\u00e1s de una revoluci\u00f3n.<\/p>\n\n\n\n<p>*Doctor en ciencia pol\u00edtica por la UNAM.<\/p>\n","protected":false},"excerpt":{"rendered":"<p>Gibr\u00e1n Ram\u00edrez Reyes* El presidente L\u00f3pez Obrador ha tenido desde el inicio del sexenio dos&hellip;<\/p>\n","protected":false},"author":2,"featured_media":24099,"comment_status":"closed","ping_status":"open","sticky":false,"template":"","format":"standard","meta":{"_lmt_disableupdate":"","_lmt_disable":"","_jetpack_memberships_contains_paid_content":false,"footnotes":""},"categories":[456,109],"tags":[2489],"class_list":["post-31366","post","type-post","status-publish","format-standard","has-post-thumbnail","hentry","category-columna","category-minuto-a-minuto","tag-gibran-ramirez-reyes"],"jetpack_featured_media_url":"https:\/\/zonaroja.com.mx\/wp-content\/uploads\/2021\/02\/Gibran-Ramirez-Reyes.jpg","jetpack_sharing_enabled":true,"_links":{"self":[{"href":"https:\/\/zonaroja.com.mx\/index.php?rest_route=\/wp\/v2\/posts\/31366","targetHints":{"allow":["GET"]}}],"collection":[{"href":"https:\/\/zonaroja.com.mx\/index.php?rest_route=\/wp\/v2\/posts"}],"about":[{"href":"https:\/\/zonaroja.com.mx\/index.php?rest_route=\/wp\/v2\/types\/post"}],"author":[{"embeddable":true,"href":"https:\/\/zonaroja.com.mx\/index.php?rest_route=\/wp\/v2\/users\/2"}],"replies":[{"embeddable":true,"href":"https:\/\/zonaroja.com.mx\/index.php?rest_route=%2Fwp%2Fv2%2Fcomments&post=31366"}],"version-history":[{"count":1,"href":"https:\/\/zonaroja.com.mx\/index.php?rest_route=\/wp\/v2\/posts\/31366\/revisions"}],"predecessor-version":[{"id":31367,"href":"https:\/\/zonaroja.com.mx\/index.php?rest_route=\/wp\/v2\/posts\/31366\/revisions\/31367"}],"wp:featuredmedia":[{"embeddable":true,"href":"https:\/\/zonaroja.com.mx\/index.php?rest_route=\/wp\/v2\/media\/24099"}],"wp:attachment":[{"href":"https:\/\/zonaroja.com.mx\/index.php?rest_route=%2Fwp%2Fv2%2Fmedia&parent=31366"}],"wp:term":[{"taxonomy":"category","embeddable":true,"href":"https:\/\/zonaroja.com.mx\/index.php?rest_route=%2Fwp%2Fv2%2Fcategories&post=31366"},{"taxonomy":"post_tag","embeddable":true,"href":"https:\/\/zonaroja.com.mx\/index.php?rest_route=%2Fwp%2Fv2%2Ftags&post=31366"}],"curies":[{"name":"wp","href":"https:\/\/api.w.org\/{rel}","templated":true}]}}