{"id":31368,"date":"2021-08-27T08:04:38","date_gmt":"2021-08-27T13:04:38","guid":{"rendered":"http:\/\/www.zonaroja.com.mx\/?p=31368"},"modified":"2021-08-27T08:04:41","modified_gmt":"2021-08-27T13:04:41","slug":"acusan-que-jara-cruz-azuza-a-organizaciones-sociales-contra-susana-harp","status":"publish","type":"post","link":"https:\/\/zonaroja.com.mx\/?p=31368","title":{"rendered":"Acusan que Jara Cruz azuza a organizaciones sociales contra Susana Harp"},"content":{"rendered":"\n<p>Redacci\u00f3n\/Zona Roja.<\/p>\n\n\n\n<p>Oaxaca de Ju\u00e1rez, Oax., 27 de agosto de 2021.- Pobladores de diversas localidades afectadas por la pandemia, acusaron que fue el senador Salom\u00f3n Jara Cruz quien azuz\u00f3 a organizaciones sociales para exigir a la senadora Susana Harp Iturribarr\u00eda, atendiera demandas en materia de salud.<\/p>\n\n\n\n<p>En la semana que termina, tanto agrupaciones como \u201cSol Rojo\u201d y la Uni\u00f3n de Comunidades Ind\u00edgenas de la Zona Norte (Ucizoni), aliadas del senador oaxaque\u00f1o, expresaron p\u00fablicamente problemas en diversas comunidades por impacto del Covid-19.<\/p>\n\n\n\n<p>Pidieron a la senadora por Morena que atendiera la demanda.<\/p>\n\n\n\n<p>Sin embargo, Susana Harp dej\u00f3 de fungir como enlace del gobierno federal con Oaxaca por la pandemia, desde el 15 de agosto del 2020.<\/p>\n\n\n\n<p>La representante en Oaxaca en la C\u00e1mara Alta dedic\u00f3 tres meses a esa labor y gestion\u00f3 la llegada de insumos y la reconversi\u00f3n hospitalaria para atender la emergencia provocada por el Covid-19.<\/p>\n\n\n\n<p>Actualmente, la atenci\u00f3n prioritaria de la pandemia es del Instituto de Salud para el Bienestar (Insabi), as\u00ed como por las secretar\u00edas de Salud federal y estatal, que a la fecha no han respondido a las misivas y denuncias p\u00fablicas de \u201cSol Rojo\u201d y Ucizoni.<\/p>\n\n\n\n<p>S\u00f3lo a trav\u00e9s de redes sociales, el pasado mi\u00e9rcoles el titular de los Servicio de Salud, Juan Carlos M\u00e1rquez Heine, inform\u00f3 que acudi\u00f3 a Juchit\u00e1n de Zaragoza para, junto con la Secretar\u00eda de la Defensa Nacional, reactivar el hospital de especialidades, a fin de atender a pacientes por Covid-19.<\/p>\n","protected":false},"excerpt":{"rendered":"<p>Redacci\u00f3n\/Zona Roja. Oaxaca de Ju\u00e1rez, Oax., 27 de agosto de 2021.- Pobladores de diversas localidades&hellip;<\/p>\n","protected":false},"author":2,"featured_media":31369,"comment_status":"closed","ping_status":"open","sticky":false,"template":"","format":"standard","meta":{"_lmt_disableupdate":"","_lmt_disable":"","_jetpack_memberships_contains_paid_content":false,"footnotes":""},"categories":[109,47],"tags":[939],"class_list":["post-31368","post","type-post","status-publish","format-standard","has-post-thumbnail","hentry","category-minuto-a-minuto","category-zona-gris","tag-salomon-jara-cruz"],"jetpack_featured_media_url":"https:\/\/zonaroja.com.mx\/wp-content\/uploads\/2021\/08\/Hospital-de-especialidades-Juchitan-visita.jpg","jetpack_sharing_enabled":true,"_links":{"self":[{"href":"https:\/\/zonaroja.com.mx\/index.php?rest_route=\/wp\/v2\/posts\/31368","targetHints":{"allow":["GET"]}}],"collection":[{"href":"https:\/\/zonaroja.com.mx\/index.php?rest_route=\/wp\/v2\/posts"}],"about":[{"href":"https:\/\/zonaroja.com.mx\/index.php?rest_route=\/wp\/v2\/types\/post"}],"author":[{"embeddable":true,"href":"https:\/\/zonaroja.com.mx\/index.php?rest_route=\/wp\/v2\/users\/2"}],"replies":[{"embeddable":true,"href":"https:\/\/zonaroja.com.mx\/index.php?rest_route=%2Fwp%2Fv2%2Fcomments&post=31368"}],"version-history":[{"count":1,"href":"https:\/\/zonaroja.com.mx\/index.php?rest_route=\/wp\/v2\/posts\/31368\/revisions"}],"predecessor-version":[{"id":31370,"href":"https:\/\/zonaroja.com.mx\/index.php?rest_route=\/wp\/v2\/posts\/31368\/revisions\/31370"}],"wp:featuredmedia":[{"embeddable":true,"href":"https:\/\/zonaroja.com.mx\/index.php?rest_route=\/wp\/v2\/media\/31369"}],"wp:attachment":[{"href":"https:\/\/zonaroja.com.mx\/index.php?rest_route=%2Fwp%2Fv2%2Fmedia&parent=31368"}],"wp:term":[{"taxonomy":"category","embeddable":true,"href":"https:\/\/zonaroja.com.mx\/index.php?rest_route=%2Fwp%2Fv2%2Fcategories&post=31368"},{"taxonomy":"post_tag","embeddable":true,"href":"https:\/\/zonaroja.com.mx\/index.php?rest_route=%2Fwp%2Fv2%2Ftags&post=31368"}],"curies":[{"name":"wp","href":"https:\/\/api.w.org\/{rel}","templated":true}]}}