{"id":31374,"date":"2021-08-27T08:46:53","date_gmt":"2021-08-27T13:46:53","guid":{"rendered":"http:\/\/www.zonaroja.com.mx\/?p=31374"},"modified":"2021-08-27T08:46:56","modified_gmt":"2021-08-27T13:46:56","slug":"refuerza-poder-judicial-medidas-preventivas-de-sanitizacion","status":"publish","type":"post","link":"https:\/\/zonaroja.com.mx\/?p=31374","title":{"rendered":"Refuerza Poder Judicial medidas preventivas de sanitizaci\u00f3n"},"content":{"rendered":"\n<p>Redacci\u00f3n\/Zona Roja.<\/p>\n\n\n\n<p>Oaxaca de Ju\u00e1rez, Oax., 27 de agosto de 2021.- Sensible al contexto sanitario estatal y como parte del protocolo de contenci\u00f3n contra la Covid-19 emitido por Acuerdo del Consejo de la Judicatura, el Poder Judicial del Estado reforz\u00f3 los trabajos de limpieza y desinfecci\u00f3n en los diversos distritos judiciales, as\u00ed como los edificios sedes en la capital del estado, para seguridad y protecci\u00f3n de personal y usuarios.<\/p>\n\n\n\n<p>Cabe se\u00f1alar, que estas medidas se realizan de manera peri\u00f3dica, para que trabajadores y ciudadan\u00eda puedan atender sus actividades en un marco de prevenci\u00f3n y seguridad como lo han determinado las secretar\u00edas de Salud Estatal y Federal.<\/p>\n\n\n\n<p>De esta forma, se mantienen en constante proceso de desinfecci\u00f3n las instalaciones del Poder Judicial ubicadas en Reyes Mantec\u00f3n, el edificio de los Juzgados Civiles y Familiares del Centro en el Ex Marquesado, Centro de Justicia Alternativa, Juzgado Especializado en Justicia para Adolescentes, el Consejo de la Judicatura y la Direcci\u00f3n de Derechos Humanos, entre otros espacios.<\/p>\n\n\n\n<p>Adem\u00e1s, es importante que las y los ciudadanos que acudan o visiten a cualquiera de estos edificios tanto en la capital como en las ocho regiones del estado, porten cubrebocas en todo momento, cumplan con el uso del tapete sanitizante, se apliquen gel antibacterial de manera correcta y permitan la toma de su temperatura corporal.<\/p>\n\n\n\n<p>Por otra parte, se encuentran disponibles a la ciudadan\u00eda en general los servicios digitales habilitados para atender dudas, quejas,sugerencias o seguir el proceso de alg\u00fan tr\u00e1mite jurisdiccional, mismos que pueden ser consultados en la p\u00e1gina web www.tribunaloaxaca.gob.mx o en las cuentas oficiales de la instituci\u00f3n Facebook www.facebook.com\/TSJOAX y en la cuenta de Twitter @tsjoaxaca.<\/p>\n","protected":false},"excerpt":{"rendered":"<p>Redacci\u00f3n\/Zona Roja. Oaxaca de Ju\u00e1rez, Oax., 27 de agosto de 2021.- Sensible al contexto sanitario&hellip;<\/p>\n","protected":false},"author":2,"featured_media":31375,"comment_status":"closed","ping_status":"open","sticky":false,"template":"","format":"standard","meta":{"_lmt_disableupdate":"","_lmt_disable":"","_jetpack_memberships_contains_paid_content":false,"footnotes":""},"categories":[109,46],"tags":[223],"class_list":["post-31374","post","type-post","status-publish","format-standard","has-post-thumbnail","hentry","category-minuto-a-minuto","category-zona-blanca","tag-poder-judicial-de-oaxaca"],"jetpack_featured_media_url":"https:\/\/zonaroja.com.mx\/wp-content\/uploads\/2021\/08\/02-SANITIZACION.jpg","jetpack_sharing_enabled":true,"_links":{"self":[{"href":"https:\/\/zonaroja.com.mx\/index.php?rest_route=\/wp\/v2\/posts\/31374","targetHints":{"allow":["GET"]}}],"collection":[{"href":"https:\/\/zonaroja.com.mx\/index.php?rest_route=\/wp\/v2\/posts"}],"about":[{"href":"https:\/\/zonaroja.com.mx\/index.php?rest_route=\/wp\/v2\/types\/post"}],"author":[{"embeddable":true,"href":"https:\/\/zonaroja.com.mx\/index.php?rest_route=\/wp\/v2\/users\/2"}],"replies":[{"embeddable":true,"href":"https:\/\/zonaroja.com.mx\/index.php?rest_route=%2Fwp%2Fv2%2Fcomments&post=31374"}],"version-history":[{"count":1,"href":"https:\/\/zonaroja.com.mx\/index.php?rest_route=\/wp\/v2\/posts\/31374\/revisions"}],"predecessor-version":[{"id":31376,"href":"https:\/\/zonaroja.com.mx\/index.php?rest_route=\/wp\/v2\/posts\/31374\/revisions\/31376"}],"wp:featuredmedia":[{"embeddable":true,"href":"https:\/\/zonaroja.com.mx\/index.php?rest_route=\/wp\/v2\/media\/31375"}],"wp:attachment":[{"href":"https:\/\/zonaroja.com.mx\/index.php?rest_route=%2Fwp%2Fv2%2Fmedia&parent=31374"}],"wp:term":[{"taxonomy":"category","embeddable":true,"href":"https:\/\/zonaroja.com.mx\/index.php?rest_route=%2Fwp%2Fv2%2Fcategories&post=31374"},{"taxonomy":"post_tag","embeddable":true,"href":"https:\/\/zonaroja.com.mx\/index.php?rest_route=%2Fwp%2Fv2%2Ftags&post=31374"}],"curies":[{"name":"wp","href":"https:\/\/api.w.org\/{rel}","templated":true}]}}