{"id":31380,"date":"2021-08-27T15:58:29","date_gmt":"2021-08-27T20:58:29","guid":{"rendered":"http:\/\/www.zonaroja.com.mx\/?p=31380"},"modified":"2021-08-27T15:58:32","modified_gmt":"2021-08-27T20:58:32","slug":"exhorta-congreso-a-secretaria-de-bienestar-a-entregar-utiles-y-uniformes","status":"publish","type":"post","link":"https:\/\/zonaroja.com.mx\/?p=31380","title":{"rendered":"Exhorta Congreso a Secretar\u00eda de Bienestar a entregar \u00fatiles y uniformes"},"content":{"rendered":"\n<p>Evlin Arag\u00f3n\/Zona Roja.<\/p>\n\n\n\n<p>Oaxaca de Ju\u00e1rez, Oax., 27 de agosto de 2021.- El Congreso del Estado de Oaxaca aprob\u00f3 un exhorto dirigido al gobernador Alejandro Murat Hinojosa para que, a trav\u00e9s de la Secretar\u00eda de Bienestar (Sebien), entregue los \u00fatiles y uniformes escolares.<\/p>\n\n\n\n<p>La propuesta fue presentada por la diputada local por Morena, Magaly L\u00f3pez Dom\u00ednguez, quien lament\u00f3 que a unos d\u00edas de iniciar el ciclo escolar 2021-2022, ni\u00f1as, ni\u00f1os y j\u00f3venes que cursan alg\u00fan grado de educaci\u00f3n b\u00e1sica en Oaxaca, no han recibido ni los \u00fatiles ni los uniformes que por ley les corresponden.&nbsp;<\/p>\n\n\n\n<p>Dicha omisi\u00f3n, asegur\u00f3, es grave en el contexto de la debacle econ\u00f3mica que vive la entidad oaxaque\u00f1a debido a la emergencia sanitaria por Covid-19, misma que ha tra\u00eddo consigo el abandono de la escuela por parte de un importante n\u00famero de ni\u00f1as, ni\u00f1os y adolescentes pobres.&nbsp;<\/p>\n\n\n\n<p>\u201cSi a\u00f1adimos la negligencia gubernamental en la ejecuci\u00f3n de las medidas obligadas para el ejercicio pleno de la educaci\u00f3n, el resultado puede ser socialmente catastr\u00f3fico\u201d, refiri\u00f3 la legisladora.&nbsp;<\/p>\n\n\n\n<p>En este mismo sentido, explic\u00f3 que la omisi\u00f3n gubernamental no se debe a la incapacidad presupuestaria, toda vez que el Congreso local aprob\u00f3 los recursos suficientes para dicho programa, los cuales ya se ejercieron tal y como lo confirm\u00f3 la Secretar\u00eda General de Gobierno.\u00a0<\/p>\n\n\n\n<figure class=\"wp-block-embed-twitter wp-block-embed is-type-rich is-provider-twitter\"><div class=\"wp-block-embed__wrapper\">\n<div class=\"twitter-tweet\"><blockquote class=\"twitter-tweet\" data-lang=\"es\"><p lang=\"es\" dir=\"ltr\">A propuesta de la diputada <a href=\"https:\/\/twitter.com\/Magaly_LopezOax?ref_src=twsrc%5Etfw\">@Magaly_LopezOax<\/a>, el pleno del <a href=\"https:\/\/twitter.com\/CongresoOaxLXIV?ref_src=twsrc%5Etfw\">@CongresoOaxLXIV<\/a> aprob\u00f3 hoy un exhorto para que la <a href=\"https:\/\/twitter.com\/SEBIEN_GobOax?ref_src=twsrc%5Etfw\">@SEBIEN_GobOax<\/a> distribuya a la brevedad los uniformes y \u00fatiles escolares a la ni\u00f1ez oaxaque\u00f1a; supuestamente el <a href=\"https:\/\/twitter.com\/GobOax?ref_src=twsrc%5Etfw\">@GobOax<\/a> los adquiri\u00f3 desde febrero pasado. <a href=\"https:\/\/t.co\/rPoOHHqsTE\">pic.twitter.com\/rPoOHHqsTE<\/a><\/p>&mdash; Zona Roja Oaxaca (@Zona_Roja_Oax) <a href=\"https:\/\/twitter.com\/Zona_Roja_Oax\/status\/1430676526954057729?ref_src=twsrc%5Etfw\">25 de agosto de 2021<\/a><\/blockquote><\/div>\n<\/div><\/figure>\n\n\n\n<p>Y es que la dependencia inform\u00f3 en febrero pasado que, mediante el programa \u00abVamos Juntos a la Escuela\u00bb, hab\u00eda invertido m\u00e1s de 270 millones de pesos en la adquisici\u00f3n de 647 mil 562 uniformes y 850 mil 587 paquetes de \u00fatiles escolares.<\/p>\n\n\n\n<p>L\u00f3pez Dom\u00ednguez objet\u00f3 que a\u00f1o con a\u00f1o el gobierno de Oaxaca incumple en tiempo y forma con su obligaci\u00f3n, al entregar esos recursos de manera tard\u00eda y mediante vales, o como el a\u00f1o pasado que simplemente no los entreg\u00f3.<\/p>\n\n\n\n<p>Lo anterior a pesar de que la gratuidad de uniformes y \u00fatiles escolares est\u00e1 prevista como derecho de las infancias en la Ley de Desarrollo Social para el Estado de Oaxaca.&nbsp;&nbsp;<\/p>\n\n\n\n<p>Finalmente, aclar\u00f3 que la entrega gratuita de uniformes y \u00fatiles escolares no es una d\u00e1diva y por el contrario es un mecanismo del Estado para hacer efectivo el derecho a la educaci\u00f3n de ni\u00f1as, ni\u00f1os y adolescentes, plasmado en el art\u00edculo tercero constitucional.&nbsp;<\/p>\n","protected":false},"excerpt":{"rendered":"<p>Evlin Arag\u00f3n\/Zona Roja. Oaxaca de Ju\u00e1rez, Oax., 27 de agosto de 2021.- El Congreso del&hellip;<\/p>\n","protected":false},"author":2,"featured_media":31381,"comment_status":"closed","ping_status":"open","sticky":false,"template":"","format":"standard","meta":{"_lmt_disableupdate":"","_lmt_disable":"","_jetpack_memberships_contains_paid_content":false,"footnotes":""},"categories":[109,46],"tags":[192],"class_list":["post-31380","post","type-post","status-publish","format-standard","has-post-thumbnail","hentry","category-minuto-a-minuto","category-zona-blanca","tag-diputada-magaly-lopez-dominguez"],"jetpack_featured_media_url":"https:\/\/zonaroja.com.mx\/wp-content\/uploads\/2021\/08\/Magaly-Lopez-Dominguez.jpg","jetpack_sharing_enabled":true,"_links":{"self":[{"href":"https:\/\/zonaroja.com.mx\/index.php?rest_route=\/wp\/v2\/posts\/31380","targetHints":{"allow":["GET"]}}],"collection":[{"href":"https:\/\/zonaroja.com.mx\/index.php?rest_route=\/wp\/v2\/posts"}],"about":[{"href":"https:\/\/zonaroja.com.mx\/index.php?rest_route=\/wp\/v2\/types\/post"}],"author":[{"embeddable":true,"href":"https:\/\/zonaroja.com.mx\/index.php?rest_route=\/wp\/v2\/users\/2"}],"replies":[{"embeddable":true,"href":"https:\/\/zonaroja.com.mx\/index.php?rest_route=%2Fwp%2Fv2%2Fcomments&post=31380"}],"version-history":[{"count":1,"href":"https:\/\/zonaroja.com.mx\/index.php?rest_route=\/wp\/v2\/posts\/31380\/revisions"}],"predecessor-version":[{"id":31382,"href":"https:\/\/zonaroja.com.mx\/index.php?rest_route=\/wp\/v2\/posts\/31380\/revisions\/31382"}],"wp:featuredmedia":[{"embeddable":true,"href":"https:\/\/zonaroja.com.mx\/index.php?rest_route=\/wp\/v2\/media\/31381"}],"wp:attachment":[{"href":"https:\/\/zonaroja.com.mx\/index.php?rest_route=%2Fwp%2Fv2%2Fmedia&parent=31380"}],"wp:term":[{"taxonomy":"category","embeddable":true,"href":"https:\/\/zonaroja.com.mx\/index.php?rest_route=%2Fwp%2Fv2%2Fcategories&post=31380"},{"taxonomy":"post_tag","embeddable":true,"href":"https:\/\/zonaroja.com.mx\/index.php?rest_route=%2Fwp%2Fv2%2Ftags&post=31380"}],"curies":[{"name":"wp","href":"https:\/\/api.w.org\/{rel}","templated":true}]}}