{"id":31383,"date":"2021-08-27T16:03:00","date_gmt":"2021-08-27T21:03:00","guid":{"rendered":"http:\/\/www.zonaroja.com.mx\/?p=31383"},"modified":"2021-08-27T16:03:04","modified_gmt":"2021-08-27T21:03:04","slug":"exhiben-a-mas-deudores-alimentarios-en-el-istmo-de-tehuantepec","status":"publish","type":"post","link":"https:\/\/zonaroja.com.mx\/?p=31383","title":{"rendered":"Exhiben a m\u00e1s deudores alimentarios en el Istmo de Tehuantepec"},"content":{"rendered":"\n<p>Evlin Arag\u00f3n\/Zona Roja.<\/p>\n\n\n\n<p>Oaxaca de Ju\u00e1rez, Oax., 27 de agosto de 2021.- \u201cHacemos esta denuncia social con el fin de acompa\u00f1ar y visibilizar la violencia que no solo sufren las miles de mujeres, sino tambi\u00e9n las infancias\u201d.<\/p>\n\n\n\n<p>Es la premisa de la colectiva \u201cHijas de la Sandunga\u201d, desde donde mujeres feministas, radicadas en el Istmo de Tehuantepec, se han dado a la tarea de denunciar a los deudores alimentarios que han dejado en el abandono a sus hijas e hijas, a quienes no les prov\u00e9n de un recurso para cubrir con sus principales necesidades.&nbsp;<\/p>\n\n\n\n<p>De acuerdo con las activistas, los hombres deben empezar a hacerse responsables de sus paternidades y fungir como los referentes que requiere y merece la ni\u00f1ez actual.<\/p>\n\n\n\n<p>\u201cCon esto les recordamos que las mujeres tenemos voz y ya no nos van a poder callar; las infancias necesitan una figura paterna y tambi\u00e9n solvencia econ\u00f3mica\u201d, refieren en sus redes sociales.&nbsp;<\/p>\n\n\n\n<p>Dentro de la lista de varones denunciados se encuentra Uriel S.L., quien desconoci\u00f3 la paternidad de una ni\u00f1a a quien no provee desde hace diez a\u00f1os; misma situaci\u00f3n la de Jes\u00f9s L.M., que desde hace una d\u00e9cada no se hace responsable de la hija que procre\u00f3.<\/p>\n\n\n\n<p>Tambi\u00e9n Gabriel N.M., que desde hace cinco a\u00f1os dejo en el abandon\u00f3 a su hija; Rafael R.M., quien adem\u00e1s ha sido se\u00f1alado de ser una persona controladora, que invade la privacidad de su pareja sin su consentimiento y tiene un beb\u00e9 de un a\u00f1o que no ha querido reconocer.&nbsp;<\/p>\n\n\n\n<p>Jhonath\u00e1n C.P., hijo del due\u00f1o del grupo \u201cLos Soberanos de Juchit\u00e1n\u201d, con un hijo no reconocido al cual incluso neg\u00f3 al momento de enterarse del embarazo de su expareja; Heriberto F.F., que se deslind\u00f3 de toda responsabilidad y apoyo econ\u00f3mico para su hijo, al que tampoco reconoce.&nbsp;<\/p>\n\n\n\n<p>Javier L.D., que desde hace 15 a\u00f1os no es responsable de la pensi\u00f3n de su hija; Francisco Javier V.G., que abandon\u00f3 a su hijo desde hace diez a\u00f1os; Heriberto V., a quien acusan de renunciar a su trabajo para evitar el pago de pensi\u00f3n alimentaria para sus dos hijas.<\/p>\n\n\n\n<p>As\u00ed mismo, Jorge R.S., Omar A.M., y Luis A.G., quienes se han olvidado de su responsabilidad como padres e incluso se pasean por las calles de la misma localidad que sus hijas e hijos sin ning\u00fan tipo de remordimiento.&nbsp;<\/p>\n\n\n\n<p>Por lo anterior la colectiva feminista hizo el llamado a la sociedad istme\u00f1a para que, en caso de conocer a dicho varones, les recuerden de su responsabilidad y de la violencia que est\u00e1n ejerciendo en contra de las y los menores de edad que engendraron.&nbsp;&nbsp; \u201cSi lo vez recu\u00e9rdale que tiene una hija y se debe hacer responsable. Exigimos paternidades responsables\u201d, manifestaron las integrantes de la agrupaci\u00f3n.<\/p>\n","protected":false},"excerpt":{"rendered":"<p>Evlin Arag\u00f3n\/Zona Roja. Oaxaca de Ju\u00e1rez, Oax., 27 de agosto de 2021.- \u201cHacemos esta denuncia&hellip;<\/p>\n","protected":false},"author":2,"featured_media":31384,"comment_status":"closed","ping_status":"open","sticky":false,"template":"","format":"standard","meta":{"_lmt_disableupdate":"","_lmt_disable":"","_jetpack_memberships_contains_paid_content":false,"footnotes":""},"categories":[109,47],"tags":[2800],"class_list":["post-31383","post","type-post","status-publish","format-standard","has-post-thumbnail","hentry","category-minuto-a-minuto","category-zona-gris","tag-deudores-alimentarios-oaxaca"],"jetpack_featured_media_url":"https:\/\/zonaroja.com.mx\/wp-content\/uploads\/2021\/08\/Deudores-alimentarios-istmo-1.jpg","jetpack_sharing_enabled":true,"_links":{"self":[{"href":"https:\/\/zonaroja.com.mx\/index.php?rest_route=\/wp\/v2\/posts\/31383","targetHints":{"allow":["GET"]}}],"collection":[{"href":"https:\/\/zonaroja.com.mx\/index.php?rest_route=\/wp\/v2\/posts"}],"about":[{"href":"https:\/\/zonaroja.com.mx\/index.php?rest_route=\/wp\/v2\/types\/post"}],"author":[{"embeddable":true,"href":"https:\/\/zonaroja.com.mx\/index.php?rest_route=\/wp\/v2\/users\/2"}],"replies":[{"embeddable":true,"href":"https:\/\/zonaroja.com.mx\/index.php?rest_route=%2Fwp%2Fv2%2Fcomments&post=31383"}],"version-history":[{"count":1,"href":"https:\/\/zonaroja.com.mx\/index.php?rest_route=\/wp\/v2\/posts\/31383\/revisions"}],"predecessor-version":[{"id":31385,"href":"https:\/\/zonaroja.com.mx\/index.php?rest_route=\/wp\/v2\/posts\/31383\/revisions\/31385"}],"wp:featuredmedia":[{"embeddable":true,"href":"https:\/\/zonaroja.com.mx\/index.php?rest_route=\/wp\/v2\/media\/31384"}],"wp:attachment":[{"href":"https:\/\/zonaroja.com.mx\/index.php?rest_route=%2Fwp%2Fv2%2Fmedia&parent=31383"}],"wp:term":[{"taxonomy":"category","embeddable":true,"href":"https:\/\/zonaroja.com.mx\/index.php?rest_route=%2Fwp%2Fv2%2Fcategories&post=31383"},{"taxonomy":"post_tag","embeddable":true,"href":"https:\/\/zonaroja.com.mx\/index.php?rest_route=%2Fwp%2Fv2%2Ftags&post=31383"}],"curies":[{"name":"wp","href":"https:\/\/api.w.org\/{rel}","templated":true}]}}