{"id":31386,"date":"2021-08-27T19:24:43","date_gmt":"2021-08-28T00:24:43","guid":{"rendered":"http:\/\/www.zonaroja.com.mx\/?p=31386"},"modified":"2021-08-27T19:24:46","modified_gmt":"2021-08-28T00:24:46","slug":"oaxaca-ha-recibido-7670-mdp-para-atender-desastres-por-sismos","status":"publish","type":"post","link":"https:\/\/zonaroja.com.mx\/?p=31386","title":{"rendered":"Oaxaca ha recibido 7,670 mdp para atender desastres por sismos"},"content":{"rendered":"\n<p>Redacci\u00f3n\/Zona Roja.<\/p>\n\n\n\n<p>Oaxaca de Ju\u00e1rez, Oax., 27 de agosto de 2021.- Para atender da\u00f1os por sismos ocurridos en 2017, 2018 y 2020, Oaxaca ha recibido alrededor de siete mil 670 millones de pesos.<\/p>\n\n\n\n<p>Ello fue informado por el titular del Poder Ejecutivo estatal, Alejandro Murat Hinojosa, al participar en la reuni\u00f3n del Programa Nacional de Reconstrucci\u00f3n, efectuado en Chiapas y que presidi\u00f3 el Presidente de M\u00e9xico, Andr\u00e9s Manuel L\u00f3pez Obrador.<\/p>\n\n\n\n<p>En su mensaje, el gobernador de Oaxaca expres\u00f3 que los sismos de septiembre de 2017 y febrero de 2018, marcaron un antes y un despu\u00e9s en la historia contempor\u00e1nea de M\u00e9xico.<\/p>\n\n\n\n<p>Y que junto con el terremoto de 7.4 grados registrado tambi\u00e9n en Oaxaca el pasado 23 de junio de 2020, se enlut\u00f3 y destruy\u00f3 el patrimonio de mexicanas y mexicanos de Chiapas, Estado de M\u00e9xico, Guerrero, Hidalgo, Michoac\u00e1n, Morelos, Oaxaca, Puebla, Tabasco, Tlaxcala, Veracruz y la Ciudad de M\u00e9xico.<\/p>\n\n\n\n<p>El mandatario agradeci\u00f3 el apoyo del Gobierno de M\u00e9xico para volver a poner de pie al estado de Oaxaca, toda vez que en la entidad \u2013dijo- se afectaron 80 mil viviendas de 160 mil en el Istmo que reconoce el INEGI, y para lo cual en 2019 y 2020 se programaron m\u00e1s de 15 mil acciones que requirieron alrededor de m\u00e1s de mil 500 millones.<\/p>\n\n\n\n<p>Asimismo, expres\u00f3 que de las dos mil escuelas afectadas, en estos dos a\u00f1os se han hecho m\u00e1s mil 600 acciones por m\u00e1s de tres mil millones de pesos. Asimismo, se han atendido m\u00e1s de 60 unidades m\u00e9dicas, por m\u00e1s de 170 millones de pesos.<\/p>\n\n\n\n<p>Tambi\u00e9n se tiene un avance de alrededor del 70% del patrimonio cultural, en el que se han canalizado m\u00e1s de tres mil millones de pesos.<\/p>\n\n\n\n<p>Murat Hinojosa manifest\u00f3 que el Programa Nacional de Reconstrucci\u00f3n es resultado de una pol\u00edtica p\u00fablica congruente con una filosof\u00eda de gobierno que se centra en \u201cprimero los pobres\u201d.<\/p>\n\n\n\n<p>Y que no s\u00f3lo se trata de poner de pie lo que se cay\u00f3, si no que representa una inversi\u00f3n de miles de millones de pesos para que las mexicanas y los mexicanos de los estados afectados puedan ver cumplidos sus derechos humanos a la salud, a la educaci\u00f3n, a la vivienda digna y a la cultura.<\/p>\n\n\n\n<figure class=\"wp-block-embed-twitter wp-block-embed is-type-rich is-provider-twitter\"><div class=\"wp-block-embed__wrapper\">\n<div class=\"twitter-tweet\"><blockquote class=\"twitter-tweet\" data-lang=\"es\"><p lang=\"es\" dir=\"ltr\"><a href=\"https:\/\/twitter.com\/hashtag\/%C3%9AltimoMinuto?src=hash&amp;ref_src=twsrc%5Etfw\">#\u00daltimoMinuto<\/a> <br>El gobernador de <a href=\"https:\/\/twitter.com\/hashtag\/Oaxaca?src=hash&amp;ref_src=twsrc%5Etfw\">#Oaxaca<\/a>, <a href=\"https:\/\/twitter.com\/alejandromurat?ref_src=twsrc%5Etfw\">@AlejandroMurat<\/a>, acudi\u00f3 a <a href=\"https:\/\/twitter.com\/hashtag\/Chiapas?src=hash&amp;ref_src=twsrc%5Etfw\">#Chiapas<\/a> al acto que encabez\u00f3 el Presidente Andr\u00e9s Manuel L\u00f3pez Obrador.<br>Previo a ello, di\u00e1logo con la jefa de Gobierno de la Ciudad de M\u00e9xico, Claudia Sheinbaum. <a href=\"https:\/\/t.co\/Dmz8OJhthw\">pic.twitter.com\/Dmz8OJhthw<\/a><\/p>&mdash; Zona Roja Oaxaca (@Zona_Roja_Oax) <a href=\"https:\/\/twitter.com\/Zona_Roja_Oax\/status\/1431356047340539904?ref_src=twsrc%5Etfw\">27 de agosto de 2021<\/a><\/blockquote><\/div>\n<\/div><\/figure>\n\n\n\n<p>A\u00f1adi\u00f3 que este plan va m\u00e1s all\u00e1, porque la inversi\u00f3n tiene que ver tambi\u00e9n con una nueva plataforma de desarrollo, que permitir\u00e1 saldar la deuda hist\u00f3rica con el sur-sureste del pa\u00eds, que durante a\u00f1os ha estado en el abandono.<\/p>\n\n\n\n<p>\u201cM\u00e9xico no puede tener destino si el sureste sigue decreciendo de manera sostenida. Con la plataforma del Plan Interoce\u00e1nico, de las carreteras Oaxaca-Costa y Oaxaca-Istmo, hoy Oaxaca ya crece al 4.5%.<\/p>\n\n\n\n<p>\u201cCon la canalizaci\u00f3n de m\u00e1s de nueve mil millones de pesos en los caminos a cabeceras municipales, se ha generado el empleo que antes no se generaba, por eso hoy se atiende la reconstrucci\u00f3n, pero tambi\u00e9n se genera una plataforma de desarrollo, para que como dec\u00eda Ricardo Flores Mag\u00f3n: ya no sea \u00e9sta, una tierra inmensamente rica pero que no puede seguir siendo y vegetando, pueblo, incomparablemente pobre\u201d, destac\u00f3.<\/p>\n\n\n\n<p>MANTIENE COMPROMISO<\/p>\n\n\n\n<p>Previo al encuentro celebrado en la ciudad de San Crist\u00f3bal de las Casas, el gobernador salud\u00f3 a la Jefa de Gobierno de la Ciudad de M\u00e9xico, Claudia Sheinbaum, quien acudi\u00f3 tambi\u00e9n a este encuentro.<\/p>\n\n\n\n<p>En su mensaje, el Presidente de M\u00e9xico, Andr\u00e9s Manuel L\u00f3pez Obrador, celebr\u00f3 los avances de este programa, reafirm\u00f3 la decisi\u00f3n de su gobierno para seguir sumando voluntades en la reconstrucci\u00f3n de viviendas, escuelas, centros de salud y templos y que las acciones planteadas no se detengan por falta de recursos o tr\u00e1mites burocr\u00e1ticos.<\/p>\n\n\n\n<p>\u201cVamos a seguir avanzando para que podamos concluir las acciones de este programa el pr\u00f3ximo a\u00f1o\u201d, expres\u00f3, al tiempo de reconocer la responsabilidad y compromiso del gobernador Alejandro Murat Hinojosa, para concretar los objetivos planteados en esta estrategia de reconstrucci\u00f3n.<\/p>\n","protected":false},"excerpt":{"rendered":"<p>Redacci\u00f3n\/Zona Roja. Oaxaca de Ju\u00e1rez, Oax., 27 de agosto de 2021.- Para atender da\u00f1os por&hellip;<\/p>\n","protected":false},"author":2,"featured_media":31387,"comment_status":"closed","ping_status":"open","sticky":false,"template":"","format":"standard","meta":{"_lmt_disableupdate":"","_lmt_disable":"","_jetpack_memberships_contains_paid_content":false,"footnotes":""},"categories":[109,47],"tags":[173],"class_list":["post-31386","post","type-post","status-publish","format-standard","has-post-thumbnail","hentry","category-minuto-a-minuto","category-zona-gris","tag-alejandro-murat-hinojosa"],"jetpack_featured_media_url":"https:\/\/zonaroja.com.mx\/wp-content\/uploads\/2021\/08\/AMH-2.jpeg","jetpack_sharing_enabled":true,"_links":{"self":[{"href":"https:\/\/zonaroja.com.mx\/index.php?rest_route=\/wp\/v2\/posts\/31386","targetHints":{"allow":["GET"]}}],"collection":[{"href":"https:\/\/zonaroja.com.mx\/index.php?rest_route=\/wp\/v2\/posts"}],"about":[{"href":"https:\/\/zonaroja.com.mx\/index.php?rest_route=\/wp\/v2\/types\/post"}],"author":[{"embeddable":true,"href":"https:\/\/zonaroja.com.mx\/index.php?rest_route=\/wp\/v2\/users\/2"}],"replies":[{"embeddable":true,"href":"https:\/\/zonaroja.com.mx\/index.php?rest_route=%2Fwp%2Fv2%2Fcomments&post=31386"}],"version-history":[{"count":1,"href":"https:\/\/zonaroja.com.mx\/index.php?rest_route=\/wp\/v2\/posts\/31386\/revisions"}],"predecessor-version":[{"id":31388,"href":"https:\/\/zonaroja.com.mx\/index.php?rest_route=\/wp\/v2\/posts\/31386\/revisions\/31388"}],"wp:featuredmedia":[{"embeddable":true,"href":"https:\/\/zonaroja.com.mx\/index.php?rest_route=\/wp\/v2\/media\/31387"}],"wp:attachment":[{"href":"https:\/\/zonaroja.com.mx\/index.php?rest_route=%2Fwp%2Fv2%2Fmedia&parent=31386"}],"wp:term":[{"taxonomy":"category","embeddable":true,"href":"https:\/\/zonaroja.com.mx\/index.php?rest_route=%2Fwp%2Fv2%2Fcategories&post=31386"},{"taxonomy":"post_tag","embeddable":true,"href":"https:\/\/zonaroja.com.mx\/index.php?rest_route=%2Fwp%2Fv2%2Ftags&post=31386"}],"curies":[{"name":"wp","href":"https:\/\/api.w.org\/{rel}","templated":true}]}}