{"id":3141,"date":"2019-08-16T12:28:47","date_gmt":"2019-08-16T17:28:47","guid":{"rendered":"https:\/\/www.zonaroja.com.mx\/?p=3141"},"modified":"2019-08-16T12:28:50","modified_gmt":"2019-08-16T17:28:50","slug":"impostergable-erradicar-la-violencia-de-genero-en-mexico-conavim","status":"publish","type":"post","link":"https:\/\/zonaroja.com.mx\/?p=3141","title":{"rendered":"Impostergable erradicar la violencia de g\u00e9nero en M\u00e9xico: Conavim"},"content":{"rendered":"<p>Evlin Arag\u00f3n\/ Zona Roja.<\/p>\n<p>Oaxaca de Ju\u00e1rez, Oax., 16 de agosto de 2019.- Este viernes de llev\u00f3 a cabo en Oaxaca la Consulta Nacional para la Elaboraci\u00f3n del Programa Integral para Prevenir, Atender, Sancionar y Erradicar la Violencia contra las Mujeres (PIPASEVM) 2019-2024, con fin de escuchar las necesidades prioritarias para atender el tema, de voz de las propias mujeres.<\/p>\n<p>La actividad estuvo encabeza por la titular de la Comisi\u00f3n Nacional para Prevenir y Erradicar la Violencia contra las Mujeres (Conavim), Candelaria Ochoa \u00c1valos, quien explic\u00f3 que la violencia de g\u00e9nero no puede entender como un acto indiviso sino como parte de un sistema de opresi\u00f3n en contra de las mujeres.<\/p>\n<p>La funcionaria federal asegur\u00f3 que las violencias que se ejercen en el \u00e1mbito p\u00fablico y privado se han convertido en una amenaza cada vez m\u00e1s alta para las mujeres, por lo que reconocer la problem\u00e1tica es parte indispensable para concretar acciones que verdaderamente impacten en la erradicaci\u00f3n.<\/p>\n<p>\u201cLa violencia real ha superado las vidas de las mujeres ya que en los espacios p\u00fablicos, privados y pol\u00edticos se da el contexto violento que termina con sus vidas\u201d, se\u00f1al\u00f3.<\/p>\n<p>Aunque reconoci\u00f3 qu\u00e9 hay grandes avances en materia legislativa, explic\u00f3 que muchas veces la violencia es tan sutil o se normaliza a tal grado que se invisibiliza por lo que es trabajo constante nombrar los actos y niveles de violencia para incidir en la prevenci\u00f3n, atenci\u00f3n y erradicaci\u00f3n de la misma.<\/p>\n<p>Ochoa \u00c1valos asegur\u00f3 estar consciente de que la Conavim debe mejorar las acciones en en prevenci\u00f3n y atenci\u00f3n de la violencia, la cual debe ir acompa\u00f1ada con acciones legislativas eficaces y de procuraci\u00f3n de justicia contundente para lograr el objetivo planteado.<\/p>\n<p>\u201cTenemos que hacer mucho m\u00e1s porque no ha sido suficiente, ninguna de nosotras  est\u00e1 libre de ser v\u00edctima de la violecia y eso debe terminar\u201d, dijo.<\/p>\n<p>Finalmente en entrevista, reiter\u00f3 la necesidad de incluir a los municipios de forma activa en la prevenci\u00f3n y atenci\u00f3n de la violencia de g\u00e9nero, toda vez que son en estos espacios donde se llevan a cabo las acciones violentas en contra de las mujeres y deber\u00eda por tanto ser la primera en responder a la problem\u00e1tica.<\/p>\n<p>Lo anterior ante la falta de efectividad de la Alerta de Violencia de G\u00e9nero en varios estados de la Rep\u00fablica, acci\u00f3n que dijo est\u00e1 por replantearse justamente con foros y consultas como el que se realiz\u00f3 en la capital del estado.<\/p>\n","protected":false},"excerpt":{"rendered":"<p>Evlin Arag\u00f3n\/ Zona Roja. Oaxaca de Ju\u00e1rez, Oax., 16 de agosto de 2019.- Este viernes&hellip;<\/p>\n","protected":false},"author":2,"featured_media":3140,"comment_status":"closed","ping_status":"open","sticky":false,"template":"","format":"standard","meta":{"_lmt_disableupdate":"","_lmt_disable":"","_jetpack_memberships_contains_paid_content":false,"footnotes":""},"categories":[1],"tags":[],"class_list":["post-3141","post","type-post","status-publish","format-standard","has-post-thumbnail","hentry","category-sin-categoria"],"jetpack_featured_media_url":"https:\/\/zonaroja.com.mx\/wp-content\/uploads\/2019\/08\/efd6b4a6-14a0-4e19-bb99-6c84ac725b4e.jpg","jetpack_sharing_enabled":true,"_links":{"self":[{"href":"https:\/\/zonaroja.com.mx\/index.php?rest_route=\/wp\/v2\/posts\/3141","targetHints":{"allow":["GET"]}}],"collection":[{"href":"https:\/\/zonaroja.com.mx\/index.php?rest_route=\/wp\/v2\/posts"}],"about":[{"href":"https:\/\/zonaroja.com.mx\/index.php?rest_route=\/wp\/v2\/types\/post"}],"author":[{"embeddable":true,"href":"https:\/\/zonaroja.com.mx\/index.php?rest_route=\/wp\/v2\/users\/2"}],"replies":[{"embeddable":true,"href":"https:\/\/zonaroja.com.mx\/index.php?rest_route=%2Fwp%2Fv2%2Fcomments&post=3141"}],"version-history":[{"count":1,"href":"https:\/\/zonaroja.com.mx\/index.php?rest_route=\/wp\/v2\/posts\/3141\/revisions"}],"predecessor-version":[{"id":3142,"href":"https:\/\/zonaroja.com.mx\/index.php?rest_route=\/wp\/v2\/posts\/3141\/revisions\/3142"}],"wp:featuredmedia":[{"embeddable":true,"href":"https:\/\/zonaroja.com.mx\/index.php?rest_route=\/wp\/v2\/media\/3140"}],"wp:attachment":[{"href":"https:\/\/zonaroja.com.mx\/index.php?rest_route=%2Fwp%2Fv2%2Fmedia&parent=3141"}],"wp:term":[{"taxonomy":"category","embeddable":true,"href":"https:\/\/zonaroja.com.mx\/index.php?rest_route=%2Fwp%2Fv2%2Fcategories&post=3141"},{"taxonomy":"post_tag","embeddable":true,"href":"https:\/\/zonaroja.com.mx\/index.php?rest_route=%2Fwp%2Fv2%2Ftags&post=3141"}],"curies":[{"name":"wp","href":"https:\/\/api.w.org\/{rel}","templated":true}]}}