{"id":31411,"date":"2021-08-28T08:07:00","date_gmt":"2021-08-28T13:07:00","guid":{"rendered":"http:\/\/www.zonaroja.com.mx\/?p=31411"},"modified":"2021-08-28T08:07:02","modified_gmt":"2021-08-28T13:07:02","slug":"paralimpicos-dan-ejemplo-en-tokio-suman-dos-medallas-de-oro-y-dos-de-bronce","status":"publish","type":"post","link":"https:\/\/zonaroja.com.mx\/?p=31411","title":{"rendered":"Paral\u00edmpicos dan ejemplo en Tokio; suman dos medallas de oro y dos de bronce"},"content":{"rendered":"\n<p>Redacci\u00f3n\/Zona Roja Cdmx.<\/p>\n\n\n\n<p>Ciudad de M\u00e9xico, 28 de agosto de 2021.- Los deportistas paral\u00edmpicos de M\u00e9xico dan el ejemplo en Tokyo 2020 y a la fecha suman dos medallas de oro, conseguidas este s\u00e1bado, y dos de bronce.<\/p>\n\n\n\n<p>Esta madrugada, Jes\u00fas Hern\u00e1ndez Hern\u00e1ndez gan\u00f3 la final de los 150 metros combinado individual clase SM3 de la ParaNataci\u00f3n.<\/p>\n\n\n\n<p>Los tambi\u00e9n mexicanos Diego L\u00f3pez D\u00edaz y Arnulfo Castorena terminaron en cuarto y quinto lugar, respectivamente.<\/p>\n\n\n\n<p>Horas antes, la mexicana Amalia P\u00e9rez V\u00e1zquez logr\u00f3 su cuarta medalla paral\u00edmpica de oro para sumar seis metales en total en su carrera, luego de conquistar la prueba de powerlifting en la categor\u00eda de menos de 61 kilos.<\/p>\n\n\n\n<p>M\u00e9xico sumaba hasta ayer dos medallas de bronce en la justa de Tokio, luego de que Fabiola Ram\u00edrez se colgara el metal en la nataci\u00f3n (100 metros dorso) y Rosa Mar\u00eda Guerrero hiciera lo propio en lanzamiento de disco, categor\u00eda F54 y F55.<\/p>\n\n\n\n<p>(Con informaci\u00f3n de \u201cExc\u00e9lsior\u201d)<\/p>\n","protected":false},"excerpt":{"rendered":"<p>Redacci\u00f3n\/Zona Roja Cdmx. Ciudad de M\u00e9xico, 28 de agosto de 2021.- Los deportistas paral\u00edmpicos de&hellip;<\/p>\n","protected":false},"author":2,"featured_media":31412,"comment_status":"closed","ping_status":"open","sticky":false,"template":"","format":"standard","meta":{"_lmt_disableupdate":"","_lmt_disable":"","_jetpack_memberships_contains_paid_content":false,"footnotes":""},"categories":[109,46],"tags":[2867],"class_list":["post-31411","post","type-post","status-publish","format-standard","has-post-thumbnail","hentry","category-minuto-a-minuto","category-zona-blanca","tag-paralimpicos-tokio-2020"],"jetpack_featured_media_url":"https:\/\/zonaroja.com.mx\/wp-content\/uploads\/2021\/08\/Paralimpicos-Mexico.jpg","jetpack_sharing_enabled":true,"_links":{"self":[{"href":"https:\/\/zonaroja.com.mx\/index.php?rest_route=\/wp\/v2\/posts\/31411","targetHints":{"allow":["GET"]}}],"collection":[{"href":"https:\/\/zonaroja.com.mx\/index.php?rest_route=\/wp\/v2\/posts"}],"about":[{"href":"https:\/\/zonaroja.com.mx\/index.php?rest_route=\/wp\/v2\/types\/post"}],"author":[{"embeddable":true,"href":"https:\/\/zonaroja.com.mx\/index.php?rest_route=\/wp\/v2\/users\/2"}],"replies":[{"embeddable":true,"href":"https:\/\/zonaroja.com.mx\/index.php?rest_route=%2Fwp%2Fv2%2Fcomments&post=31411"}],"version-history":[{"count":1,"href":"https:\/\/zonaroja.com.mx\/index.php?rest_route=\/wp\/v2\/posts\/31411\/revisions"}],"predecessor-version":[{"id":31413,"href":"https:\/\/zonaroja.com.mx\/index.php?rest_route=\/wp\/v2\/posts\/31411\/revisions\/31413"}],"wp:featuredmedia":[{"embeddable":true,"href":"https:\/\/zonaroja.com.mx\/index.php?rest_route=\/wp\/v2\/media\/31412"}],"wp:attachment":[{"href":"https:\/\/zonaroja.com.mx\/index.php?rest_route=%2Fwp%2Fv2%2Fmedia&parent=31411"}],"wp:term":[{"taxonomy":"category","embeddable":true,"href":"https:\/\/zonaroja.com.mx\/index.php?rest_route=%2Fwp%2Fv2%2Fcategories&post=31411"},{"taxonomy":"post_tag","embeddable":true,"href":"https:\/\/zonaroja.com.mx\/index.php?rest_route=%2Fwp%2Fv2%2Ftags&post=31411"}],"curies":[{"name":"wp","href":"https:\/\/api.w.org\/{rel}","templated":true}]}}