{"id":31414,"date":"2021-08-28T10:56:51","date_gmt":"2021-08-28T15:56:51","guid":{"rendered":"http:\/\/www.zonaroja.com.mx\/?p=31414"},"modified":"2021-08-28T10:56:54","modified_gmt":"2021-08-28T15:56:54","slug":"por-errores-de-mp-de-la-fiscalia-absuelven-a-presunto-homicida-de-ivanna-mingo","status":"publish","type":"post","link":"https:\/\/zonaroja.com.mx\/?p=31414","title":{"rendered":"Por \u201cerrores\u201d de MP de la Fiscal\u00eda, absuelven a presunto homicida de Ivanna Mingo"},"content":{"rendered":"\n<p>Redacci\u00f3n\/Agencia AM\/PM<\/p>\n\n\n\n<p>Oaxaca de Ju\u00e1rez, Oax., 28 de agosto de 2021.- Por una deficiente e incompleta presentaci\u00f3n de pruebas por parte de la Fiscal\u00eda General del Estado de Oaxaca, entre ellos videos editados, un juez de control resolvi\u00f3 no vincular a proceso a Alfredo D. C., acusado del homicidio de Silvia Ivanna M. L.<\/p>\n\n\n\n<p>Este viernes se efectu\u00f3 la audiencia de control, luego de que un Ministerio P\u00fablico le imputara el delito de destrucci\u00f3n, alteraci\u00f3n y desaparici\u00f3n de evidencias cometido durante el accidente ocurrido en octubre de 2018 en el cual perdi\u00f3 la vida su novia.<\/p>\n\n\n\n<p>De acuerdo con la causa penal, el 21 de octubre de 2018, a las 02:50 horas aproximadamente, Silvia Ivanna perdi\u00f3 la vida en un accidente automovil\u00edstico en la avenida Las Etnias, en el sector de la colonia Reforma, al norte de la ciudad de Oaxaca, inici\u00e1ndose al respecto la carpeta de investigaci\u00f3n 10472\/OAXACA\/2018, teniendo como imputados a Alfredo D. C., y a Rebeca Leticia Cervantes Navarro, exdelegada estatal de la Procuradur\u00eda Federal del Consumidor (Profeco).<\/p>\n\n\n\n<p>Primeramente, se inici\u00f3 la carpeta de investigaci\u00f3n por el delito de homicidio culposo en contra de Alfredo, neg\u00e1ndose posteriormente la Fiscal\u00eda del Estado a ejercitar acci\u00f3n penal contra el mismo por el delito de abandono de persona por deber de cuidado, destrucci\u00f3n, alteraci\u00f3n y desaparici\u00f3n de evidencias y ocultamiento de cad\u00e1ver.<\/p>\n\n\n\n<p>As\u00ed tambi\u00e9n, se neg\u00f3 a proceder penalmente en contra de Rebeca Leticia Cervantes Navarro por el delito de destrucci\u00f3n, alteraci\u00f3n y desaparici\u00f3n de evidencias.<\/p>\n\n\n\n<p>Ante tanta insistencia y peregrinar, se logr\u00f3 que se iniciara la investigaci\u00f3n contra Alfredo por el delito de destrucci\u00f3n, alteraci\u00f3n y desaparici\u00f3n de evidencias, pero no as\u00ed contra Rebeca Leticia.<\/p>\n\n\n\n<p>En audiencia de ampliaci\u00f3n del t\u00e9rmino constitucional celebrada ayer en la sala A de los Juzgados de Control de Valles Centrales, la juez de control, Martha Santiago S\u00e1nchez, desech\u00f3 finalmente esta acusaci\u00f3n luego de que hace unos d\u00edas le comunicaran la imputaci\u00f3n, dentro del expediente penal 843\/2019.<\/p>\n\n\n\n<p>Seg\u00fan fuentes del Tribunal Superior de Justicia del Estado de Oaxaca, el Ministerio P\u00fablico no present\u00f3 las pruebas suficientes, ya que exhibi\u00f3 \u00fanicamente los videos donde el inculpado despu\u00e9s del accidente desciende del veh\u00edculo, da la vuelta, ve al copiloto y se vuelve a subir al auto, pero no se ve cu\u00e1ndo arranca y huye.<\/p>\n\n\n\n<p>El Ministerio P\u00fablico no mostr\u00f3 la continuaci\u00f3n del video donde se ve que el inculpado arranca y huye del lugar de los hechos, y donde se presenta en el hospital civil de Oaxaca cuatro horas despu\u00e9s, pero con otro copiloto en el Jeep, supuestamente la madre del inculpado.<\/p>\n\n\n\n<p>La juez, seg\u00fan, no toma en cuenta que el accidente fue a las 02:58 horas de la madrugada del 21 de octubre del 2018 y que se presentan en el hospital Civil pr\u00e1cticamente cuatro horas despu\u00e9s del accidente<\/p>\n\n\n\n<p>De acuerdo con la autopsia, el descenso fue alrededor de las cinco de la madrugada de ese d\u00eda, por lo que pr\u00e1cticamente la dejaron morir sin recibir atenci\u00f3n m\u00e9dica de inmediato.<\/p>\n\n\n\n<p>\u00bfQu\u00e9 pas\u00f3 de las 3 de la ma\u00f1ana a las 6 de la ma\u00f1ana con el cuerpo de Ivanna? \u00bfQu\u00e9 paso en esas tres horas? sigue pregunt\u00e1ndose la sociedad.<\/p>\n\n\n\n<p>Ante esta nueva resoluci\u00f3n, trascendi\u00f3 que la parte interesada apelar\u00e1 en los pr\u00f3ximos d\u00edas, ya que como pruebas presentaron solo un video y editado.<\/p>\n","protected":false},"excerpt":{"rendered":"<p>Redacci\u00f3n\/Agencia AM\/PM Oaxaca de Ju\u00e1rez, Oax., 28 de agosto de 2021.- Por una deficiente e&hellip;<\/p>\n","protected":false},"author":2,"featured_media":10436,"comment_status":"closed","ping_status":"open","sticky":false,"template":"","format":"standard","meta":{"_lmt_disableupdate":"","_lmt_disable":"","_jetpack_memberships_contains_paid_content":false,"footnotes":""},"categories":[109,47],"tags":[1490],"class_list":["post-31414","post","type-post","status-publish","format-standard","has-post-thumbnail","hentry","category-minuto-a-minuto","category-zona-gris","tag-caso-ivanna-mingo-impune"],"jetpack_featured_media_url":"https:\/\/zonaroja.com.mx\/wp-content\/uploads\/2020\/03\/Caso-Ivana-M.png","jetpack_sharing_enabled":true,"_links":{"self":[{"href":"https:\/\/zonaroja.com.mx\/index.php?rest_route=\/wp\/v2\/posts\/31414","targetHints":{"allow":["GET"]}}],"collection":[{"href":"https:\/\/zonaroja.com.mx\/index.php?rest_route=\/wp\/v2\/posts"}],"about":[{"href":"https:\/\/zonaroja.com.mx\/index.php?rest_route=\/wp\/v2\/types\/post"}],"author":[{"embeddable":true,"href":"https:\/\/zonaroja.com.mx\/index.php?rest_route=\/wp\/v2\/users\/2"}],"replies":[{"embeddable":true,"href":"https:\/\/zonaroja.com.mx\/index.php?rest_route=%2Fwp%2Fv2%2Fcomments&post=31414"}],"version-history":[{"count":1,"href":"https:\/\/zonaroja.com.mx\/index.php?rest_route=\/wp\/v2\/posts\/31414\/revisions"}],"predecessor-version":[{"id":31415,"href":"https:\/\/zonaroja.com.mx\/index.php?rest_route=\/wp\/v2\/posts\/31414\/revisions\/31415"}],"wp:featuredmedia":[{"embeddable":true,"href":"https:\/\/zonaroja.com.mx\/index.php?rest_route=\/wp\/v2\/media\/10436"}],"wp:attachment":[{"href":"https:\/\/zonaroja.com.mx\/index.php?rest_route=%2Fwp%2Fv2%2Fmedia&parent=31414"}],"wp:term":[{"taxonomy":"category","embeddable":true,"href":"https:\/\/zonaroja.com.mx\/index.php?rest_route=%2Fwp%2Fv2%2Fcategories&post=31414"},{"taxonomy":"post_tag","embeddable":true,"href":"https:\/\/zonaroja.com.mx\/index.php?rest_route=%2Fwp%2Fv2%2Ftags&post=31414"}],"curies":[{"name":"wp","href":"https:\/\/api.w.org\/{rel}","templated":true}]}}