{"id":31423,"date":"2021-08-28T19:00:48","date_gmt":"2021-08-29T00:00:48","guid":{"rendered":"https:\/\/www.zonaroja.com.mx\/?p=31423"},"modified":"2021-08-28T19:00:51","modified_gmt":"2021-08-29T00:00:51","slug":"piden-lineamientos-especificos-para-otorgamiento-de-bases-en-sector-salud","status":"publish","type":"post","link":"https:\/\/zonaroja.com.mx\/?p=31423","title":{"rendered":"Piden lineamientos espec\u00edficos para otorgamiento de bases en sector salud"},"content":{"rendered":"\n<p class=\"MsoNormal\">Evlin Arag\u00f3n\/Zona Roja.&nbsp;<\/p>\n\n\n\n<p class=\"MsoNormal\">Oaxaca de Ju\u00e1rez, Oax., 28 de agosto de 2021.- La Comisi\u00f3n Permanente de Salud del Congreso local pidi\u00f3 a la Secretar\u00eda de Salud federal que la basificaci\u00f3n del personal no se realice mediante la intervenci\u00f3n de sindicatos y por el contrario se tome en cuenta la antig\u00fcedad, capacitaci\u00f3n y actualizaci\u00f3n de las y los trabajadores del sector.&nbsp;&nbsp;<\/p>\n\n\n\n<p class=\"MsoNormal\">Lo anterior, mediante un punto de acuerdo aprobado por mayor\u00eda en el pleno en que tambi\u00e9n se solicita a la dependencia federal tome en cuenta la antig\u00fcedad de aquellos m\u00e9dicos especialista que han hecho su residencia en hospitales de la Secretar\u00eda de Salud, as\u00ed como su desempe\u00f1o sin ponderar a familiares de personal sindicalizado.&nbsp;&nbsp;<\/p>\n\n\n\n<p class=\"MsoNormal\">Dicho documento refiere que es la Secretar\u00eda de Salud la encargada de elaborar y conducir la pol\u00edtica nacional en materia de salud p\u00fablica, mientras que el Estado mexicano est\u00e1 obligado a garantizar la protecci\u00f3n del derecho humano a la salud, de ah\u00ed que son las instancias encargadas de emitir los lineamientos de basificaci\u00f3n del personal.&nbsp;&nbsp;<\/p>\n\n\n\n<p class=\"MsoNormal\">La acci\u00f3n debe ser coordinada por los titulares de la Secretar\u00eda de Salud de las entidades federativas y no a trav\u00e9s de los sindicatos de trabajadores de dicho sector que, muchas veces, utilizan dicha facultad como moneda de cambio en beneficio de gente que no necesariamente est\u00e1 capacitada para el cargo.&nbsp;<\/p>\n\n\n\n<p class=\"MsoNormal\">\u201cLa Organizaci\u00f3n Mundial de la Salud menciona que invertir en el fortalecimiento de la fuerza laboral es invertir en la salud para todos, es decir, conta con un n\u00famero id\u00f3neo de trabajadores de la salud, con la formaci\u00f3n, la capacitaci\u00f3n, la regulaci\u00f3n, la remuneraci\u00f3n y el reconocimiento adecuados contribuye a lograr la cobertura universal de salud\u201d, refiere el documento.&nbsp;&nbsp;&nbsp;<\/p>\n\n\n\n<p class=\"MsoNormal\">De igual forma, exhort\u00f3 al titular de los Servicio de Salud de Oaxaca mantener el pago del \u201cBono Covid\u201d y que este beneficie a los trabajadores que han estado en primera l\u00ednea de atenci\u00f3n a pacientes portadores de la enfermedad generada por el virus SARS-CoV2.&nbsp;&nbsp;<\/p>\n\n\n\n<p class=\"MsoNormal\">\u201cEl personal m\u00e9dico, de enfermer\u00eda y auxiliares han constituido la primera l\u00ednea de atenci\u00f3n contra el Covid\u201419, con todos los riesgos que conlleva\u201d, de ah\u00ed que siga siendo necesario el respaldo por parte de las autoridades, confirmando que sean las personas correctas quienes reciban el bono.&nbsp;&nbsp;<\/p>\n\n\n\n<p class=\"MsoNormal\">Dicha propuesta tiene como antecedente la sesi\u00f3n ordinaria de fecha 7 de julio de 2020 donde al menos doce legisladores y legisladoras se pronunciaron al respecto.  <\/p>\n","protected":false},"excerpt":{"rendered":"<p>Evlin Arag\u00f3n\/Zona Roja.&nbsp; Oaxaca de Ju\u00e1rez, Oax., 28 de agosto de 2021.- La Comisi\u00f3n Permanente&hellip;<\/p>\n","protected":false},"author":2,"featured_media":31422,"comment_status":"closed","ping_status":"open","sticky":false,"template":"","format":"standard","meta":{"_lmt_disableupdate":"","_lmt_disable":"","_jetpack_memberships_contains_paid_content":false,"footnotes":""},"categories":[109,47],"tags":[],"class_list":["post-31423","post","type-post","status-publish","format-standard","has-post-thumbnail","hentry","category-minuto-a-minuto","category-zona-gris"],"jetpack_featured_media_url":"https:\/\/zonaroja.com.mx\/wp-content\/uploads\/2021\/08\/img_1788.jpg","jetpack_sharing_enabled":true,"_links":{"self":[{"href":"https:\/\/zonaroja.com.mx\/index.php?rest_route=\/wp\/v2\/posts\/31423","targetHints":{"allow":["GET"]}}],"collection":[{"href":"https:\/\/zonaroja.com.mx\/index.php?rest_route=\/wp\/v2\/posts"}],"about":[{"href":"https:\/\/zonaroja.com.mx\/index.php?rest_route=\/wp\/v2\/types\/post"}],"author":[{"embeddable":true,"href":"https:\/\/zonaroja.com.mx\/index.php?rest_route=\/wp\/v2\/users\/2"}],"replies":[{"embeddable":true,"href":"https:\/\/zonaroja.com.mx\/index.php?rest_route=%2Fwp%2Fv2%2Fcomments&post=31423"}],"version-history":[{"count":1,"href":"https:\/\/zonaroja.com.mx\/index.php?rest_route=\/wp\/v2\/posts\/31423\/revisions"}],"predecessor-version":[{"id":31424,"href":"https:\/\/zonaroja.com.mx\/index.php?rest_route=\/wp\/v2\/posts\/31423\/revisions\/31424"}],"wp:featuredmedia":[{"embeddable":true,"href":"https:\/\/zonaroja.com.mx\/index.php?rest_route=\/wp\/v2\/media\/31422"}],"wp:attachment":[{"href":"https:\/\/zonaroja.com.mx\/index.php?rest_route=%2Fwp%2Fv2%2Fmedia&parent=31423"}],"wp:term":[{"taxonomy":"category","embeddable":true,"href":"https:\/\/zonaroja.com.mx\/index.php?rest_route=%2Fwp%2Fv2%2Fcategories&post=31423"},{"taxonomy":"post_tag","embeddable":true,"href":"https:\/\/zonaroja.com.mx\/index.php?rest_route=%2Fwp%2Fv2%2Ftags&post=31423"}],"curies":[{"name":"wp","href":"https:\/\/api.w.org\/{rel}","templated":true}]}}