{"id":31428,"date":"2021-08-29T08:47:00","date_gmt":"2021-08-29T13:47:00","guid":{"rendered":"http:\/\/www.zonaroja.com.mx\/?p=31428"},"modified":"2021-08-28T21:00:22","modified_gmt":"2021-08-29T02:00:22","slug":"ante-inicio-de-clases-piden-diputados-protocolos-de-salud-y-garantizar-derecho-a-la-educacion","status":"publish","type":"post","link":"https:\/\/zonaroja.com.mx\/?p=31428","title":{"rendered":"Ante inicio de clases, piden diputados protocolos de salud y garantizar derecho a la educaci\u00f3n"},"content":{"rendered":"\n<p>Evlin Arag\u00f3n\/Zona Roja.<\/p>\n\n\n\n<p>Oaxaca de Ju\u00e1rez, Oax., 29 de agosto de 2021.- La 64 Legislatura del Congreso local aprob\u00f3 un Punto de Acuerdo presentado por los diputados Magaly L\u00f3pez Dom\u00ednguez, In\u00e9s Leal Pel\u00e1ez y C\u00e9sar Morales Ni\u00f1o, por el cual se exhorta al titular del Instituto Estatal de Educaci\u00f3n P\u00fablica de Oaxaca, Francisco \u00c1ngel Villarreal, para que implemente los protocolos de salud al interior de los centros escolares.&nbsp;<\/p>\n\n\n\n<p>Y es que, aunque la educaci\u00f3n b\u00e1sica de car\u00e1cter p\u00fablica iniciar\u00e1 ma\u00f1ana actividades a distancia en la mayor parte de los planteles, las legisladoras y el legislador morenistas consideraron fundamental el desarrollo de estrictas medidas sanitarias al interior de las escuelas para garantizar un regreso seguro a las aulas.&nbsp;<\/p>\n\n\n\n<p>\u201cSe hace un llamado a las autoridades educativas en todo el estado para que implemente un plan de acci\u00f3n que fortalezca la protecci\u00f3n de la comunidad estudiantil durante el ciclo escolar 2021-2022, bas\u00e1ndose en los documentos emitidos por la Secretar\u00eda de Educaci\u00f3n P\u00fablica, como la Gu\u00eda de Orientaci\u00f3n para la Reapertura de las Escuelas ante Covid-19\u201d, explicaron.&nbsp;<\/p>\n\n\n\n<p>Algunas de las medidas que se proponen implementar previo al regreso seguro a las aulas son la instalaci\u00f3n de Comit\u00e9s Participativos de Salud Escolar; garantizar acceso a jab\u00f3n y agua o gel; cuidado de maestras y maestros en grupos de riesgo; cubrebocas o pa\u00f1uelo obligatorio; y sana distancia.<\/p>\n\n\n\n<p>De igual forma, maximizar el uso de espacios abiertos; suspender cualquier tipo de ceremonias o reuniones; detecci\u00f3n temprana de casos positivos; as\u00ed como el apoyo socio emocional para docentes y estudiantes.&nbsp;<\/p>\n\n\n\n<p>En este sentido, exhortaron a la autoridad del IEEPO y de la Defensor\u00eda de los Derechos Humanos del Pueblo de Oaxaca (DDHPO) para que garanticen que a ning\u00fan ni\u00f1o, ni\u00f1a o adolescente se le restrinja su derecho a la educaci\u00f3n y mucho menos le sea negada la inscripci\u00f3n a escuelas p\u00fablicas por la falta de pago de cuotas voluntarias.&nbsp;<\/p>\n\n\n\n<p>\u201cHoy m\u00e1s que nunca se necesita el cumplimiento del mandato constitucional de la gratuidad de la educaci\u00f3n, ante la crisis econ\u00f3mica que ha dejado el confinamiento social a causa de la pandemia y que se ve reflejado directamente en los bolsillos de las familias oaxaque\u00f1as\u201d, refieren.&nbsp;<\/p>\n\n\n\n<p>Finalmente, exigieron al secretario de Bienestar, Rub\u00e9n Vasconcelos M\u00e9ndez, para que instruya la entrega inmediata de los paquetes de \u00fatiles escolares y los uniformes a las y los estudiantes de educaci\u00f3n b\u00e1sica del estado, previstos en el art\u00edculo 101 de la Ley de Desarrollo Social para el estado de Oaxaca.&nbsp;<\/p>\n\n\n\n<p>\u201cLa entrega gratuita de uniformes y \u00fatiles escolares no es una graciosa concesi\u00f3n del gobernante, sino un derecho del estudiantado y de sus familias. Y tiene que ser entregado y recibido de manera digna y oportuna, como una obligaci\u00f3n del Gobierno del Estado\u201d, refiere el documento turnado a comisiones.&nbsp;<\/p>\n","protected":false},"excerpt":{"rendered":"<p>Evlin Arag\u00f3n\/Zona Roja. Oaxaca de Ju\u00e1rez, Oax., 29 de agosto de 2021.- La 64 Legislatura&hellip;<\/p>\n","protected":false},"author":2,"featured_media":31429,"comment_status":"closed","ping_status":"open","sticky":false,"template":"","format":"standard","meta":{"_lmt_disableupdate":"","_lmt_disable":"","_jetpack_memberships_contains_paid_content":false,"footnotes":""},"categories":[109,46],"tags":[213],"class_list":["post-31428","post","type-post","status-publish","format-standard","has-post-thumbnail","hentry","category-minuto-a-minuto","category-zona-blanca","tag-64-legislatura-de-oaxaca"],"jetpack_featured_media_url":"https:\/\/zonaroja.com.mx\/wp-content\/uploads\/2021\/08\/Magaly-Lopez-D..jpg","jetpack_sharing_enabled":true,"_links":{"self":[{"href":"https:\/\/zonaroja.com.mx\/index.php?rest_route=\/wp\/v2\/posts\/31428","targetHints":{"allow":["GET"]}}],"collection":[{"href":"https:\/\/zonaroja.com.mx\/index.php?rest_route=\/wp\/v2\/posts"}],"about":[{"href":"https:\/\/zonaroja.com.mx\/index.php?rest_route=\/wp\/v2\/types\/post"}],"author":[{"embeddable":true,"href":"https:\/\/zonaroja.com.mx\/index.php?rest_route=\/wp\/v2\/users\/2"}],"replies":[{"embeddable":true,"href":"https:\/\/zonaroja.com.mx\/index.php?rest_route=%2Fwp%2Fv2%2Fcomments&post=31428"}],"version-history":[{"count":2,"href":"https:\/\/zonaroja.com.mx\/index.php?rest_route=\/wp\/v2\/posts\/31428\/revisions"}],"predecessor-version":[{"id":31431,"href":"https:\/\/zonaroja.com.mx\/index.php?rest_route=\/wp\/v2\/posts\/31428\/revisions\/31431"}],"wp:featuredmedia":[{"embeddable":true,"href":"https:\/\/zonaroja.com.mx\/index.php?rest_route=\/wp\/v2\/media\/31429"}],"wp:attachment":[{"href":"https:\/\/zonaroja.com.mx\/index.php?rest_route=%2Fwp%2Fv2%2Fmedia&parent=31428"}],"wp:term":[{"taxonomy":"category","embeddable":true,"href":"https:\/\/zonaroja.com.mx\/index.php?rest_route=%2Fwp%2Fv2%2Fcategories&post=31428"},{"taxonomy":"post_tag","embeddable":true,"href":"https:\/\/zonaroja.com.mx\/index.php?rest_route=%2Fwp%2Fv2%2Ftags&post=31428"}],"curies":[{"name":"wp","href":"https:\/\/api.w.org\/{rel}","templated":true}]}}