{"id":3143,"date":"2019-08-16T15:12:13","date_gmt":"2019-08-16T20:12:13","guid":{"rendered":"http:\/\/www.zonaroja.com.mx\/?p=3143"},"modified":"2019-08-16T15:12:16","modified_gmt":"2019-08-16T20:12:16","slug":"asesinan-a-ex-funcionario-municipal-de-santo-domingo-tehuantepec","status":"publish","type":"post","link":"https:\/\/zonaroja.com.mx\/?p=3143","title":{"rendered":"Asesinan a ex funcionario municipal de Santo Domingo Tehuantepec"},"content":{"rendered":"\n<p>Redacci\u00f3n\/Zona\nRoja.<\/p>\n\n\n\n<p>Oaxaca de\nJu\u00e1rez, Oax., 16 de agosto de 2019.- De al menos dos disparos de arma de fuego\nfue asesinado la madrugada de hoy el ex regidor del ayuntamiento de Santo\nDomingo Tehuantepec, Rufino R\u00edos Villafa\u00f1e.<\/p>\n\n\n\n<p>El hoy\nocciso fue atacado a balazos cuando circulaba a bordo de su camioneta tipo\nFrontier, marca Nissan, placas de circulaci\u00f3n RW43483 del Estado de Oaxaca, por\nla carretera Tehuantepec-Santa Mar\u00eda Mixtequilla, en inmediaciones de la\ncolonia El Jordan.<\/p>\n\n\n\n<p>Hasta el\nmomento se desconoce qui\u00e9n o qui\u00e9nes fueron los autores del crimen, perpetrado\nen los primeros minutos de este viernes en dicho municipio de la regi\u00f3n del\nIstmo de Tehuantepec.<\/p>\n\n\n\n<p>R\u00edos\nVillafa\u00f1a se desempe\u00f1\u00f2 regidor del ayuntamiento de Tehuantepec en el periodo\n2005-2007; recientemente hab\u00eda sido nombrado delegado de la Confederaci\u00f3n\nNacional Campesina (CNC) en el municipio.<\/p>\n","protected":false},"excerpt":{"rendered":"<p>Redacci\u00f3n\/Zona Roja. Oaxaca de Ju\u00e1rez, Oax., 16 de agosto de 2019.- De al menos dos&hellip;<\/p>\n","protected":false},"author":2,"featured_media":2531,"comment_status":"closed","ping_status":"open","sticky":false,"template":"","format":"standard","meta":{"_lmt_disableupdate":"","_lmt_disable":"","_jetpack_memberships_contains_paid_content":false,"footnotes":""},"categories":[109,51],"tags":[533],"class_list":["post-3143","post","type-post","status-publish","format-standard","has-post-thumbnail","hentry","category-minuto-a-minuto","category-zona-roja","tag-asesinado-en-tehuantepec"],"jetpack_featured_media_url":"https:\/\/zonaroja.com.mx\/wp-content\/uploads\/2019\/07\/balazos.jpg","jetpack_sharing_enabled":true,"_links":{"self":[{"href":"https:\/\/zonaroja.com.mx\/index.php?rest_route=\/wp\/v2\/posts\/3143","targetHints":{"allow":["GET"]}}],"collection":[{"href":"https:\/\/zonaroja.com.mx\/index.php?rest_route=\/wp\/v2\/posts"}],"about":[{"href":"https:\/\/zonaroja.com.mx\/index.php?rest_route=\/wp\/v2\/types\/post"}],"author":[{"embeddable":true,"href":"https:\/\/zonaroja.com.mx\/index.php?rest_route=\/wp\/v2\/users\/2"}],"replies":[{"embeddable":true,"href":"https:\/\/zonaroja.com.mx\/index.php?rest_route=%2Fwp%2Fv2%2Fcomments&post=3143"}],"version-history":[{"count":1,"href":"https:\/\/zonaroja.com.mx\/index.php?rest_route=\/wp\/v2\/posts\/3143\/revisions"}],"predecessor-version":[{"id":3144,"href":"https:\/\/zonaroja.com.mx\/index.php?rest_route=\/wp\/v2\/posts\/3143\/revisions\/3144"}],"wp:featuredmedia":[{"embeddable":true,"href":"https:\/\/zonaroja.com.mx\/index.php?rest_route=\/wp\/v2\/media\/2531"}],"wp:attachment":[{"href":"https:\/\/zonaroja.com.mx\/index.php?rest_route=%2Fwp%2Fv2%2Fmedia&parent=3143"}],"wp:term":[{"taxonomy":"category","embeddable":true,"href":"https:\/\/zonaroja.com.mx\/index.php?rest_route=%2Fwp%2Fv2%2Fcategories&post=3143"},{"taxonomy":"post_tag","embeddable":true,"href":"https:\/\/zonaroja.com.mx\/index.php?rest_route=%2Fwp%2Fv2%2Ftags&post=3143"}],"curies":[{"name":"wp","href":"https:\/\/api.w.org\/{rel}","templated":true}]}}