{"id":31432,"date":"2021-08-29T07:52:52","date_gmt":"2021-08-29T12:52:52","guid":{"rendered":"http:\/\/www.zonaroja.com.mx\/?p=31432"},"modified":"2021-08-29T07:52:56","modified_gmt":"2021-08-29T12:52:56","slug":"huracan-nora-toca-tierra-en-jalisco-afecta-al-menos-seis-estados","status":"publish","type":"post","link":"https:\/\/zonaroja.com.mx\/?p=31432","title":{"rendered":"Hurac\u00e1n \u201cNora\u201d toca tierra en Jalisco; afecta al menos seis estados"},"content":{"rendered":"\n<p>Redacci\u00f3n\/Zona Roja Cdmx.<\/p>\n\n\n\n<p>Ciudad de M\u00e9xico, 29 de agosto de 2021.- El hurac\u00e1n \u201cNora\u201d toc\u00f3 tierra la noche de ayer en Jalisco, cerca de Vicente Guerrero, y se manten\u00eda cerca de las costas mexicanas del Pac\u00edfico.<\/p>\n\n\n\n<p>El Ej\u00e9rcito activ\u00f3 el Plan DN-III-E, en las regiones militares que abarcan los estados de Guerrero, Michoac\u00e1n, Colima, Jalisco, Nayarit y Sinaloa donde se esperaba oleaje elevado, tormentas y fuerte viento.<\/p>\n\n\n\n<p>Las lluvias intensas y el viento de hasta 150 kil\u00f3metros por hora eran la principal preocupaci\u00f3n de las autoridades jaliscienses, que decidieron evacuar 30 comunidades de los municipios de Cabo Corriente, Tomatl\u00e1n, La Huerta y Cihuatl\u00e1n.<\/p>\n\n\n\n<p>El oleaje este fin de semana se esperaba de hasta de cinco metros de altura. Tambi\u00e9n comenzaron a desfogarse las presas para evitar desbordamientos. El sem\u00e1foro del sistema de alerta temprana para ciclones tropicales, hasta el cierre de esta edici\u00f3n, era color naranja.<\/p>\n\n\n\n<p>En Colima, se report\u00f3 el desbordamiento del arroyo Seco, en la carretera de Villa de \u00c1lvarez &#8211; Minatitl\u00e1n; tambi\u00e9n se registraron da\u00f1os en el kil\u00f3metro 1.5 de Coquimatl\u00e1n-Jala, y fue cerrada de forma parcial la circulaci\u00f3n en el tramo Colima-Tecom\u00e1n.<\/p>\n\n\n\n<p>El Ayuntamiento de Manzanillo report\u00f3 la destrucci\u00f3n de varios techos de canchas deportivas en escuelas y el derribo de \u00e1rboles, postes y espectaculares.<\/p>\n\n\n\n<p>Autoridades de Baja California Sur informaron que se suspendi\u00f3 el regreso a clases, el cual estaba previsto para el pr\u00f3ximo lunes 30 de agosto, pues muchos de los planteles escolares forman parte de la red estatal de refugios temporales, los cuales deben de estar disponibles ante cualquier eventualidad ocasionada por Nora.<\/p>\n\n\n\n<p>En L\u00e1zaro C\u00e1rdenas,&nbsp; Michoac\u00e1n,&nbsp; se inform\u00f3 de inundaciones en avenidas de la cabecera municipal y la tenencia de Guacamayas, donde veh\u00edculos quedaron varados.<\/p>\n\n\n\n<p>Tras su paso por Guerrero, Nora dej\u00f3 un yate hundido, \u00e1rboles ca\u00eddos, derrumbes carreteros y cortes en la energ\u00eda el\u00e9ctrica. Las afectaciones se registraron principalmente en Acapulco y Costa Grande.<\/p>\n\n\n\n<p>(Informaci\u00f3n de \u201cEl Heraldo de M\u00e9xico\u201d)<\/p>\n","protected":false},"excerpt":{"rendered":"<p>Redacci\u00f3n\/Zona Roja Cdmx. Ciudad de M\u00e9xico, 29 de agosto de 2021.- El hurac\u00e1n \u201cNora\u201d toc\u00f3&hellip;<\/p>\n","protected":false},"author":2,"featured_media":31433,"comment_status":"closed","ping_status":"open","sticky":false,"template":"","format":"standard","meta":{"_lmt_disableupdate":"","_lmt_disable":"","_jetpack_memberships_contains_paid_content":false,"footnotes":""},"categories":[109,47],"tags":[],"class_list":["post-31432","post","type-post","status-publish","format-standard","has-post-thumbnail","hentry","category-minuto-a-minuto","category-zona-gris"],"jetpack_featured_media_url":"https:\/\/zonaroja.com.mx\/wp-content\/uploads\/2021\/08\/Huracan-Nota.jpg","jetpack_sharing_enabled":true,"_links":{"self":[{"href":"https:\/\/zonaroja.com.mx\/index.php?rest_route=\/wp\/v2\/posts\/31432","targetHints":{"allow":["GET"]}}],"collection":[{"href":"https:\/\/zonaroja.com.mx\/index.php?rest_route=\/wp\/v2\/posts"}],"about":[{"href":"https:\/\/zonaroja.com.mx\/index.php?rest_route=\/wp\/v2\/types\/post"}],"author":[{"embeddable":true,"href":"https:\/\/zonaroja.com.mx\/index.php?rest_route=\/wp\/v2\/users\/2"}],"replies":[{"embeddable":true,"href":"https:\/\/zonaroja.com.mx\/index.php?rest_route=%2Fwp%2Fv2%2Fcomments&post=31432"}],"version-history":[{"count":1,"href":"https:\/\/zonaroja.com.mx\/index.php?rest_route=\/wp\/v2\/posts\/31432\/revisions"}],"predecessor-version":[{"id":31434,"href":"https:\/\/zonaroja.com.mx\/index.php?rest_route=\/wp\/v2\/posts\/31432\/revisions\/31434"}],"wp:featuredmedia":[{"embeddable":true,"href":"https:\/\/zonaroja.com.mx\/index.php?rest_route=\/wp\/v2\/media\/31433"}],"wp:attachment":[{"href":"https:\/\/zonaroja.com.mx\/index.php?rest_route=%2Fwp%2Fv2%2Fmedia&parent=31432"}],"wp:term":[{"taxonomy":"category","embeddable":true,"href":"https:\/\/zonaroja.com.mx\/index.php?rest_route=%2Fwp%2Fv2%2Fcategories&post=31432"},{"taxonomy":"post_tag","embeddable":true,"href":"https:\/\/zonaroja.com.mx\/index.php?rest_route=%2Fwp%2Fv2%2Ftags&post=31432"}],"curies":[{"name":"wp","href":"https:\/\/api.w.org\/{rel}","templated":true}]}}