{"id":31438,"date":"2021-08-29T08:04:04","date_gmt":"2021-08-29T13:04:04","guid":{"rendered":"http:\/\/www.zonaroja.com.mx\/?p=31438"},"modified":"2021-08-29T08:04:07","modified_gmt":"2021-08-29T13:04:07","slug":"ordena-tribunal-electoral-federal-paridad-total-en-la-camara-de-diputados","status":"publish","type":"post","link":"https:\/\/zonaroja.com.mx\/?p=31438","title":{"rendered":"Ordena Tribunal Electoral federal paridad total en la C\u00e1mara de Diputados"},"content":{"rendered":"\n<p>Redacci\u00f3n\/Zona Roja Cdmx.<\/p>\n\n\n\n<p>Ciudad de M\u00e9xico, 29 de agosto de 2021.- La Sala Superior del Tribunal Electoral del Poder Judicial de la Federaci\u00f3n (TEPJF) aprob\u00f3 por cinco votos a favor y dos en contra una sentencia hist\u00f3rica, que ordena al INE modificar las listas de asignaci\u00f3n diputaciones plurinominales para que la LXV Legislatura de la C\u00e1mara de Diputados que entra en funciones el 1 de septiembre se integre por una \u201cparidad de g\u00e9nero total\u201d, es decir por 250 mujeres y 250 hombres.<\/p>\n\n\n\n<p>Para apegar la sentencia al precepto de paridad de g\u00e9nero, se retir\u00f3 un diputado plurinominal var\u00f3n al Partido Verde y se sustituy\u00f3 por una diputada mujer del mismo instituto pol\u00edtico.<\/p>\n\n\n\n<p>Asimismo, revoc\u00f3 la asignaci\u00f3n de la diputaci\u00f3n federal de representaci\u00f3n proporcional a Oscar Daniel Mart\u00ednez Terrazas (propietario)&nbsp; del PAN, debido a que no acreditaron pertenecer a la comunidad ind\u00edgena de San Juan Tetelcingo, del municipio Tepecoacuilco de Trujano, Guerrero.<\/p>\n\n\n\n<p>Por lo anterior, previo a la verificaci\u00f3n de los requisitos de elegibilidad, se determin\u00f3 asignar a la siguiente posici\u00f3n que se encuentra en la lista del PAN correspondiente a la cuarta circunscripci\u00f3n, es decir, a la formula ubicada en la posici\u00f3n 10, perteneciente a Ana Laura Valenzuela S\u00e1nchez como propietaria y , lo que adem\u00e1s tendr\u00e1 un impacto paritario en la integraci\u00f3n final del Congreso.<\/p>\n\n\n\n<p>As\u00ed, al hasta ayer diputado plurinominal electo Javier Octavio Herrera Borunda se le retir\u00f3 la curul, misma que pasa a su correligionaria Laura Lynn Fern\u00e1ndez Pi\u00f1a.<\/p>\n\n\n\n<p>El proyecto de sentencia presentado y modificado por la magistrada M\u00f3nica Soto confirm\u00f3 que fue indebida la asignaci\u00f3n de diputaciones de representaci\u00f3n proporcional aprobada por el Instituto Nacional Electoral.<\/p>\n\n\n\n<p>Dado que por dos periodos electivos se inici\u00f3 con la asignaci\u00f3n de hombres, con lo cual se vulneraron los principios de paridad e igualdad en la medida que no se respet\u00f3 el contenido del art\u00edculo 53, p\u00e1rrafo segundo, de la Constituci\u00f3n Federal, que prev\u00e9 un principio de alternancia de g\u00e9nero por circunscripci\u00f3n electoral\u201d, estableci\u00f3 la sentencia.<\/p>\n\n\n\n<p>Por ello, el INE est\u00e1 obligado a revisar el cumplimiento del principio de la paridad por mandato constitucional, por lo que \u201cdebe hacer los ajustes necesarios en el orden de prelaci\u00f3n de las listas de candidaturas registradas por los partidos, en beneficio de las mujeres\u201d.<\/p>\n\n\n\n<p>(Informaci\u00f3n de \u201cExc\u00e9lsior\u201d)<\/p>\n","protected":false},"excerpt":{"rendered":"<p>Redacci\u00f3n\/Zona Roja Cdmx. Ciudad de M\u00e9xico, 29 de agosto de 2021.- La Sala Superior del&hellip;<\/p>\n","protected":false},"author":2,"featured_media":31439,"comment_status":"closed","ping_status":"open","sticky":false,"template":"","format":"standard","meta":{"_lmt_disableupdate":"","_lmt_disable":"","_jetpack_memberships_contains_paid_content":false,"footnotes":""},"categories":[109,47],"tags":[],"class_list":["post-31438","post","type-post","status-publish","format-standard","has-post-thumbnail","hentry","category-minuto-a-minuto","category-zona-gris"],"jetpack_featured_media_url":"https:\/\/zonaroja.com.mx\/wp-content\/uploads\/2021\/08\/Sesion-TEPJF.jpg","jetpack_sharing_enabled":true,"_links":{"self":[{"href":"https:\/\/zonaroja.com.mx\/index.php?rest_route=\/wp\/v2\/posts\/31438","targetHints":{"allow":["GET"]}}],"collection":[{"href":"https:\/\/zonaroja.com.mx\/index.php?rest_route=\/wp\/v2\/posts"}],"about":[{"href":"https:\/\/zonaroja.com.mx\/index.php?rest_route=\/wp\/v2\/types\/post"}],"author":[{"embeddable":true,"href":"https:\/\/zonaroja.com.mx\/index.php?rest_route=\/wp\/v2\/users\/2"}],"replies":[{"embeddable":true,"href":"https:\/\/zonaroja.com.mx\/index.php?rest_route=%2Fwp%2Fv2%2Fcomments&post=31438"}],"version-history":[{"count":1,"href":"https:\/\/zonaroja.com.mx\/index.php?rest_route=\/wp\/v2\/posts\/31438\/revisions"}],"predecessor-version":[{"id":31440,"href":"https:\/\/zonaroja.com.mx\/index.php?rest_route=\/wp\/v2\/posts\/31438\/revisions\/31440"}],"wp:featuredmedia":[{"embeddable":true,"href":"https:\/\/zonaroja.com.mx\/index.php?rest_route=\/wp\/v2\/media\/31439"}],"wp:attachment":[{"href":"https:\/\/zonaroja.com.mx\/index.php?rest_route=%2Fwp%2Fv2%2Fmedia&parent=31438"}],"wp:term":[{"taxonomy":"category","embeddable":true,"href":"https:\/\/zonaroja.com.mx\/index.php?rest_route=%2Fwp%2Fv2%2Fcategories&post=31438"},{"taxonomy":"post_tag","embeddable":true,"href":"https:\/\/zonaroja.com.mx\/index.php?rest_route=%2Fwp%2Fv2%2Ftags&post=31438"}],"curies":[{"name":"wp","href":"https:\/\/api.w.org\/{rel}","templated":true}]}}