{"id":31442,"date":"2021-08-29T14:28:47","date_gmt":"2021-08-29T19:28:47","guid":{"rendered":"https:\/\/www.zonaroja.com.mx\/?p=31442"},"modified":"2021-08-29T14:28:52","modified_gmt":"2021-08-29T19:28:52","slug":"entra-en-vigor-ley-que-declara-los-concursos-de-belleza-como-violencia-simbolica","status":"publish","type":"post","link":"https:\/\/zonaroja.com.mx\/?p=31442","title":{"rendered":"Entra en vigor ley que declara los concursos de belleza como violencia simb\u00f3lica"},"content":{"rendered":"\n<p class=\"MsoNormal\">Redacci\u00f3n\/Zona Roja &nbsp;<\/p>\n\n\n\n<p class=\"MsoNormal\">Oaxaca de Ju\u00e1rez, Oax. 29 de agosto de 2021.-A partir de esta fecha los cert\u00e1menes y concursos de belleza ya son considerados violencia simb\u00f3lica en Oaxaca.<\/p>\n\n\n\n<p class=\"MsoNormal\">Esto luego de la publicaci\u00f3n del decreto 2525 en el Peri\u00f3dico Oficial en el Estado, con la que se hace efectiva la reforma a la Ley Estatal de Acceso a las Mujeres a Una Vida Libre de Violencia.<\/p>\n\n\n\n<p class=\"MsoNormal\">La norma impulsada por la diputada Magaly L\u00f3pez Dom\u00ednguez, proh\u00edbe a las autoridades estatales, municipales y organismos aut\u00f3nomos destinar recursos p\u00fablicos para la realizaci\u00f3n y promoci\u00f3n de cert\u00e1menes de belleza en la entidad.<\/p>\n\n\n\n<p class=\"MsoNormal\">Esta actualizaci\u00f3n jur\u00eddica, tambi\u00e9n impide que las instituciones gubernamentales consideren estos eventos como campa\u00f1as de promoci\u00f3n tur\u00edstica o publicidad oficial.<\/p>\n\n\n\n<p class=\"MsoNormal\">Al celebrar la publicaci\u00f3n del decreto en menci\u00f3n, la diputada de Morena, Magaly L\u00f3pez Dom\u00ednguez, indic\u00f3 que, con la entrada en vigor de esta ley, Oaxaca se convierte en un referente para el pa\u00eds, al ser el primer estado en M\u00e9xico que visibiliza que los concursos de belleza representan violencia simb\u00f3lica contra las mujeres.<\/p>\n\n\n\n<p class=\"MsoNormal\">Fue puntual al indicar que no se proh\u00edben los concursos de belleza, que no se busca afectar las libertades individuales, solo no podr\u00e1n ser financiados con recursos p\u00fablicos.&nbsp; \u201cEn estos cert\u00e1menes puede participar quien as\u00ed lo decida, es una decisi\u00f3n individual y la respetamos\u00bb, aclar\u00f3 la congresista.<\/p>\n\n\n\n<p class=\"MsoNormal\">Se\u00f1al\u00f3 que con la adici\u00f3n al Art\u00edculo 18 Bis de la legislaci\u00f3n en menci\u00f3n, se rompen los estereotipos sexistas y discriminatorios por caracter\u00edsticas f\u00edsicas que afectan a la autoestima y que han sido detonantes de trastornos alimenticios en un gran porcentaje de la poblaci\u00f3n de mujeres, que \u2013dijo- en ocasiones han cobrado la vida de muchas de ellas.<\/p>\n\n\n\n<p class=\"MsoNormal\">La tambi\u00e9n presidenta de la Comisi\u00f3n Permanente de Derechos Humanos en el Congreso de Oaxaca, hizo un llamado a las diputadas y diputados que integran los congresos en todo el pa\u00eds, a que se sumen y consideren replicar esta ley, a fin de unir fuerzas en la lucha para erradicar este tipo de violencia.&nbsp;<\/p>\n\n\n\n<p class=\"MsoNormal\">Cabe mencionar que la reforma dictaminada por la Comisi\u00f3n Permanente de Igualdad de G\u00e9nero de la Sexag\u00e9sima Cuarta Legislatura Local, fue aprobada por la Diputaci\u00f3n Local, el pasado 12 de julio del presente a\u00f1o.<\/p>\n","protected":false},"excerpt":{"rendered":"<p>Redacci\u00f3n\/Zona Roja &nbsp; Oaxaca de Ju\u00e1rez, Oax. 29 de agosto de 2021.-A partir de esta&hellip;<\/p>\n","protected":false},"author":2,"featured_media":31441,"comment_status":"closed","ping_status":"open","sticky":false,"template":"","format":"standard","meta":{"_lmt_disableupdate":"","_lmt_disable":"","_jetpack_memberships_contains_paid_content":false,"footnotes":""},"categories":[109,46],"tags":[192],"class_list":["post-31442","post","type-post","status-publish","format-standard","has-post-thumbnail","hentry","category-minuto-a-minuto","category-zona-blanca","tag-diputada-magaly-lopez-dominguez"],"jetpack_featured_media_url":"https:\/\/zonaroja.com.mx\/wp-content\/uploads\/2021\/08\/diputada-magaly-lo\u0301pez-2.jpg","jetpack_sharing_enabled":true,"_links":{"self":[{"href":"https:\/\/zonaroja.com.mx\/index.php?rest_route=\/wp\/v2\/posts\/31442","targetHints":{"allow":["GET"]}}],"collection":[{"href":"https:\/\/zonaroja.com.mx\/index.php?rest_route=\/wp\/v2\/posts"}],"about":[{"href":"https:\/\/zonaroja.com.mx\/index.php?rest_route=\/wp\/v2\/types\/post"}],"author":[{"embeddable":true,"href":"https:\/\/zonaroja.com.mx\/index.php?rest_route=\/wp\/v2\/users\/2"}],"replies":[{"embeddable":true,"href":"https:\/\/zonaroja.com.mx\/index.php?rest_route=%2Fwp%2Fv2%2Fcomments&post=31442"}],"version-history":[{"count":1,"href":"https:\/\/zonaroja.com.mx\/index.php?rest_route=\/wp\/v2\/posts\/31442\/revisions"}],"predecessor-version":[{"id":31443,"href":"https:\/\/zonaroja.com.mx\/index.php?rest_route=\/wp\/v2\/posts\/31442\/revisions\/31443"}],"wp:featuredmedia":[{"embeddable":true,"href":"https:\/\/zonaroja.com.mx\/index.php?rest_route=\/wp\/v2\/media\/31441"}],"wp:attachment":[{"href":"https:\/\/zonaroja.com.mx\/index.php?rest_route=%2Fwp%2Fv2%2Fmedia&parent=31442"}],"wp:term":[{"taxonomy":"category","embeddable":true,"href":"https:\/\/zonaroja.com.mx\/index.php?rest_route=%2Fwp%2Fv2%2Fcategories&post=31442"},{"taxonomy":"post_tag","embeddable":true,"href":"https:\/\/zonaroja.com.mx\/index.php?rest_route=%2Fwp%2Fv2%2Ftags&post=31442"}],"curies":[{"name":"wp","href":"https:\/\/api.w.org\/{rel}","templated":true}]}}