{"id":31444,"date":"2021-08-29T16:25:09","date_gmt":"2021-08-29T21:25:09","guid":{"rendered":"http:\/\/www.zonaroja.com.mx\/?p=31444"},"modified":"2021-08-29T16:25:17","modified_gmt":"2021-08-29T21:25:17","slug":"instalan-la-65-legislatura-federal-es-la-primera-con-paridad-absoluta","status":"publish","type":"post","link":"https:\/\/zonaroja.com.mx\/?p=31444","title":{"rendered":"Instalan la 65 Legislatura federal; es la primera con paridad absoluta"},"content":{"rendered":"\n<p>Redacci\u00f3n\/Zona Roja Cdmx.<\/p>\n\n\n\n<p>Ciudad de M\u00e9xico, 29 de agosto de 2021.- Este domingo fue instalada la 65 Legislatura del Congreso federal, conformado por 500 integrantes, por primera vez la mitad mujeres y la mitad varones.<\/p>\n\n\n\n<p>Tienen presencia siete partidos pol\u00edticos y de los cuales en su mayor\u00eda son de Morena, con 198, de los cuales 122 son de mayor\u00eda relativa; le sigue el PRI, con 71 legisladores, 31 de mayor\u00eda; el PVEM con 43, 31 de ellos de mayor\u00eda.<\/p>\n\n\n\n<p>Mientras que Partido del Trabajo tiene 37 diputados, 30 de mayor\u00eda; Movimiento Ciudadano con 23, 7 de ellos de mayor\u00eda; y de la Revoluci\u00f3n Democr\u00e1tica, con 14 diputados, siete de ellos de mayor\u00eda.<\/p>\n\n\n\n<p>Este lunes 1 de septiembre inician la primera sesi\u00f3n ordinaria con la recepci\u00f3n del Tercer Informe de Gobierno del Presidente Andr\u00e9s Manuel L\u00f3pez Obrador.<\/p>\n\n\n\n<p>Fue el pasado 23 de agosto en que la Secretar\u00eda General de la C\u00e1mara de Diputados, recibi\u00f3 el acuerdo del Consejo General del INE por el que se declara la validez de la elecci\u00f3n de diputadas y diputados por el principio de representaci\u00f3n proporcional; se asignaron 200 diputaciones.<\/p>\n\n\n\n<p>En las \u00faltimas horas la Sala Superior del Tribunal Electoral del Poder Judicial de la Federaci\u00f3n dict\u00f3 dos sentencias que modifican la composici\u00f3n por g\u00e9nero de la Legislatura que se constituye y tiene una consecuencia hist\u00f3rica, con 250 varones y 250 mujeres.<\/p>\n","protected":false},"excerpt":{"rendered":"<p>Redacci\u00f3n\/Zona Roja Cdmx. Ciudad de M\u00e9xico, 29 de agosto de 2021.- Este domingo fue instalada&hellip;<\/p>\n","protected":false},"author":2,"featured_media":31445,"comment_status":"closed","ping_status":"open","sticky":false,"template":"","format":"standard","meta":{"_lmt_disableupdate":"","_lmt_disable":"","_jetpack_memberships_contains_paid_content":false,"footnotes":""},"categories":[109,46],"tags":[1042],"class_list":["post-31444","post","type-post","status-publish","format-standard","has-post-thumbnail","hentry","category-minuto-a-minuto","category-zona-blanca","tag-camara-de-diputados-federal"],"jetpack_featured_media_url":"https:\/\/zonaroja.com.mx\/wp-content\/uploads\/2021\/08\/Camara-de-Diputados-federal.jpg","jetpack_sharing_enabled":true,"_links":{"self":[{"href":"https:\/\/zonaroja.com.mx\/index.php?rest_route=\/wp\/v2\/posts\/31444","targetHints":{"allow":["GET"]}}],"collection":[{"href":"https:\/\/zonaroja.com.mx\/index.php?rest_route=\/wp\/v2\/posts"}],"about":[{"href":"https:\/\/zonaroja.com.mx\/index.php?rest_route=\/wp\/v2\/types\/post"}],"author":[{"embeddable":true,"href":"https:\/\/zonaroja.com.mx\/index.php?rest_route=\/wp\/v2\/users\/2"}],"replies":[{"embeddable":true,"href":"https:\/\/zonaroja.com.mx\/index.php?rest_route=%2Fwp%2Fv2%2Fcomments&post=31444"}],"version-history":[{"count":1,"href":"https:\/\/zonaroja.com.mx\/index.php?rest_route=\/wp\/v2\/posts\/31444\/revisions"}],"predecessor-version":[{"id":31446,"href":"https:\/\/zonaroja.com.mx\/index.php?rest_route=\/wp\/v2\/posts\/31444\/revisions\/31446"}],"wp:featuredmedia":[{"embeddable":true,"href":"https:\/\/zonaroja.com.mx\/index.php?rest_route=\/wp\/v2\/media\/31445"}],"wp:attachment":[{"href":"https:\/\/zonaroja.com.mx\/index.php?rest_route=%2Fwp%2Fv2%2Fmedia&parent=31444"}],"wp:term":[{"taxonomy":"category","embeddable":true,"href":"https:\/\/zonaroja.com.mx\/index.php?rest_route=%2Fwp%2Fv2%2Fcategories&post=31444"},{"taxonomy":"post_tag","embeddable":true,"href":"https:\/\/zonaroja.com.mx\/index.php?rest_route=%2Fwp%2Fv2%2Ftags&post=31444"}],"curies":[{"name":"wp","href":"https:\/\/api.w.org\/{rel}","templated":true}]}}