{"id":3145,"date":"2019-08-16T15:47:32","date_gmt":"2019-08-16T20:47:32","guid":{"rendered":"http:\/\/www.zonaroja.com.mx\/?p=3145"},"modified":"2019-08-16T15:47:34","modified_gmt":"2019-08-16T20:47:34","slug":"duermen-policias-y-asaltan-negocio-de-seguros-en-la-capital-de-oaxaca","status":"publish","type":"post","link":"https:\/\/zonaroja.com.mx\/?p=3145","title":{"rendered":"Duermen polic\u00edas y asaltan negocio de seguros en la capital de Oaxaca"},"content":{"rendered":"\n<p>Redacci\u00f3n\/Zona\nRoja.<\/p>\n\n\n\n<p>Oaxaca de\nJu\u00e1rez, Oax., 16 de agosto de 2019.- La creciente ola de inseguridad y la nula\nvigilancia policiaca en el municipio de Oaxaca de Ju\u00e1rez derivaron en un\nen\u00e9simo asalto a un local comercial.<\/p>\n\n\n\n<p>Durante la\nmadrugada, sujetos ingresaron a la sucursal de seguros Metlife, localizado el\ncentro comercial Plaza Universidad, a un costado del bulevar Eduardo Mata, casi\nesquina con el crucero vial de Cinco Se\u00f1ores.<\/p>\n\n\n\n<p>Al iniciar\nsu jornada de labores, los empleados se percataron del desorden que hab\u00eda en la\noficina; presuntamente se habr\u00edan llevado algunos equipos de c\u00f3mputo as\u00ed como\npapeler\u00eda y cheques.<\/p>\n\n\n\n<p>Personal de\nla Agencia Estatal de Investigaciones, de la Fiscal\u00eda General del Estado,\ninici\u00f3 las primeras indagatorias del caso.<\/p>\n\n\n\n<p>Cabe destacar\nque durante toda la semana han ocurrido al menos dos asaltos violentos en la\nciudad de Oaxaca; en algunos casos se ha hecho uso de armas de fuego con saldo\nde personas lesionadas.<\/p>\n","protected":false},"excerpt":{"rendered":"<p>Redacci\u00f3n\/Zona Roja. Oaxaca de Ju\u00e1rez, Oax., 16 de agosto de 2019.- La creciente ola de&hellip;<\/p>\n","protected":false},"author":2,"featured_media":3146,"comment_status":"closed","ping_status":"open","sticky":false,"template":"","format":"standard","meta":{"_lmt_disableupdate":"","_lmt_disable":"","_jetpack_memberships_contains_paid_content":false,"footnotes":""},"categories":[109,51],"tags":[563],"class_list":["post-3145","post","type-post","status-publish","format-standard","has-post-thumbnail","hentry","category-minuto-a-minuto","category-zona-roja","tag-asalto-a-metlife-oaxaca"],"jetpack_featured_media_url":"https:\/\/zonaroja.com.mx\/wp-content\/uploads\/2019\/08\/45086f95-1e71-40c8-9c3e-765f66c1c0f5.jpg","jetpack_sharing_enabled":true,"_links":{"self":[{"href":"https:\/\/zonaroja.com.mx\/index.php?rest_route=\/wp\/v2\/posts\/3145","targetHints":{"allow":["GET"]}}],"collection":[{"href":"https:\/\/zonaroja.com.mx\/index.php?rest_route=\/wp\/v2\/posts"}],"about":[{"href":"https:\/\/zonaroja.com.mx\/index.php?rest_route=\/wp\/v2\/types\/post"}],"author":[{"embeddable":true,"href":"https:\/\/zonaroja.com.mx\/index.php?rest_route=\/wp\/v2\/users\/2"}],"replies":[{"embeddable":true,"href":"https:\/\/zonaroja.com.mx\/index.php?rest_route=%2Fwp%2Fv2%2Fcomments&post=3145"}],"version-history":[{"count":1,"href":"https:\/\/zonaroja.com.mx\/index.php?rest_route=\/wp\/v2\/posts\/3145\/revisions"}],"predecessor-version":[{"id":3147,"href":"https:\/\/zonaroja.com.mx\/index.php?rest_route=\/wp\/v2\/posts\/3145\/revisions\/3147"}],"wp:featuredmedia":[{"embeddable":true,"href":"https:\/\/zonaroja.com.mx\/index.php?rest_route=\/wp\/v2\/media\/3146"}],"wp:attachment":[{"href":"https:\/\/zonaroja.com.mx\/index.php?rest_route=%2Fwp%2Fv2%2Fmedia&parent=3145"}],"wp:term":[{"taxonomy":"category","embeddable":true,"href":"https:\/\/zonaroja.com.mx\/index.php?rest_route=%2Fwp%2Fv2%2Fcategories&post=3145"},{"taxonomy":"post_tag","embeddable":true,"href":"https:\/\/zonaroja.com.mx\/index.php?rest_route=%2Fwp%2Fv2%2Ftags&post=3145"}],"curies":[{"name":"wp","href":"https:\/\/api.w.org\/{rel}","templated":true}]}}