{"id":31450,"date":"2021-08-29T19:41:55","date_gmt":"2021-08-30T00:41:55","guid":{"rendered":"http:\/\/www.zonaroja.com.mx\/?p=31450"},"modified":"2021-08-29T20:19:14","modified_gmt":"2021-08-30T01:19:14","slug":"sabuesos-guerreras-y-el-dolor-de-la-ausencia-dolor-ante-ineptitud-oficial","status":"publish","type":"post","link":"https:\/\/zonaroja.com.mx\/?p=31450","title":{"rendered":"\u201cSabuesos Guerreras\u201d y el dolor de la ausencia; dolor ante ineptitud oficial"},"content":{"rendered":"\n<p>Ismael Garc\u00eda M.\/Zona Roja.<\/p>\n\n\n\n<p>Oaxaca de Ju\u00e1rez, Oax., 29 de agosto de 2021.- Ma\u00f1ana fresca de domingo, antepen\u00faltimo d\u00eda de agosto. Fresco el viento, fresca la llovizna, fresca la herida. Herida de una ausencia que duele, que mata poco a poco.<\/p>\n\n\n\n<p>\u201cSi t\u00fa eres mi sangre, yo s\u00e9 que voy encontrarte; no existe la noche ni el d\u00eda que el tiempo me pueda calmar, ya no puedo si t\u00fa no est\u00e1s\u2026 Nos quedamos sin nada pero lo haremos todo, nuestro amor es real y nada me har\u00e1 cambiar. La familia se lleva en el coraz\u00f3n, luchar\u00e9 hasta el final\u201d.<\/p>\n\n\n\n<p>La melod\u00eda cala, en un escenario de esplendor, la explanada de Santo Domingo de Guzm\u00e1n, ciudad de Oaxaca.<\/p>\n\n\n\n<p>Pero ni el fresco aire ni el verdor de los framboyanes calman las l\u00e1grimas de una madre que le falta su hijo. Uno de sus hijos. No hay consuelo que alcance.<\/p>\n\n\n\n<p>Una de tantas familias que ha perdido a un ser querido, que dej\u00f3 la casa o que se lo llevaron.<\/p>\n\n\n\n<p>Ma\u00f1ana dominical que concentr\u00f3 a hombres y mujeres que buscan desde hace d\u00edas, meses, a\u00f1os a un familiar. Que han tenido que agruparse, unirse, para emprender por su cuenta b\u00fasquedas, muchas infructuosas.<\/p>\n\n\n\n<p>Un caso reciente, el de Juventino Cruz Cruz, de 35 a\u00f1os de edad, quien desapareci\u00f3 el pasado 21 de agosto, dejando en la orfandad a una menor de edad. Fue visto por \u00faltima vez en la avenida Ferrocarril de la capital de Oaxaca. Desde entonces nada se sabe de \u00e9l.<\/p>\n\n\n\n<figure class=\"wp-block-embed-twitter wp-block-embed is-type-rich is-provider-twitter\"><div class=\"wp-block-embed__wrapper\">\n<div class=\"twitter-tweet\"><blockquote class=\"twitter-tweet\" data-lang=\"es\"><p lang=\"es\" dir=\"ltr\">2.- Uno de los casos es el de Juventino Cruz Cruz, quien desapareci\u00f3 en la capital el pasado 21 de agosto, pero del cual la <a href=\"https:\/\/twitter.com\/FISCALIA_GobOax?ref_src=twsrc%5Etfw\">@FISCALIA_GobOax<\/a> no ha hecho nada hasta el momento; al argumentar que no hay recursos ni materiales. <a href=\"https:\/\/t.co\/eXYXvdSioC\">pic.twitter.com\/eXYXvdSioC<\/a><\/p>&mdash; Zona Roja Oaxaca (@Zona_Roja_Oax) <a href=\"https:\/\/twitter.com\/Zona_Roja_Oax\/status\/1432140014754873347?ref_src=twsrc%5Etfw\">30 de agosto de 2021<\/a><\/blockquote><\/div>\n<\/div><\/figure>\n\n\n\n<p>INDIFERENCIA E INEPTITUD<\/p>\n\n\n\n<p>Pero a ello se suma el dolor de la indiferencia, la indolencia, la ineptitud gubernamental<\/p>\n\n\n\n<p>\u201cEstamos desesperados por saber de \u00e9l, gente que se ha acercado a nosotros nos dicen una cosa, nos dicen otra. La Fiscal\u00eda General nos tom\u00f3 declaraci\u00f3n; hemos hablado. el mismo agente nos dice que no ha hecho nada, se queja porque dice que hay un solo veh\u00edculo para cinco agentes. Que cada uno de ellos tiene diligencias que hacer y que no pueden moverse porque no tienen para gasolina.<\/p>\n\n\n\n<p>\u201cEl d\u00eda que nos tomaron la declaraci\u00f3n fue la \u00fanica vez en que vi la utilizaci\u00f3n de una computadora; lo dem\u00e1s todo ha sido a mano. Hemos tenido s\u00f3lo dos entrevistas con ellos, les estamos pidiendo por favor que nos ayuden a encontrarlo\u201d.<\/p>\n\n\n\n<p>Es el testimonio de la hermana de Juventino, que narra su otro calvario, ahora en la instancia gubernamental. A su lado, la madre inconsolable, impotente hasta las l\u00e1grimas.<\/p>\n\n\n\n<p>M\u00daLTIPLES CASOS<\/p>\n\n\n\n<p>Pero es uno de tantos casos. En la v\u00edspera del D\u00eda Internacional de las V\u00edctimas de Desapariciones, familiares se re\u00fanen para unir su dolor en una lucha.<\/p>\n\n\n\n<p>\u201cLas autoridades est\u00e1n haciendo su trabajo, pero no como lo requerimos; hay lentitud, negligencia, hay encubrimiento, hay una serie de situaciones propias de la aplicaci\u00f3n de la justicia en M\u00e9xico que todos conocemos\u201d.<\/p>\n\n\n\n<figure class=\"wp-block-embed-twitter wp-block-embed is-type-rich is-provider-twitter\"><div class=\"wp-block-embed__wrapper\">\n<div class=\"twitter-tweet\"><blockquote class=\"twitter-tweet\" data-lang=\"es\"><p lang=\"es\" dir=\"ltr\">1. En v\u00edsperas del D\u00eda Internacional de las V\u00edctimas de Desapariciones, en <a href=\"https:\/\/twitter.com\/hashtag\/Oaxaca?src=hash&amp;ref_src=twsrc%5Etfw\">#Oaxaca<\/a> con un acto simb\u00f3lico en la explanada de Santo Domingo de Guzm\u00e1n, familiares de ausentes claman m\u00e1s apoyo de las autoridades; \u201chay ineptitud, hay negligencia\u201d, se\u00f1alaron. <a href=\"https:\/\/t.co\/FdsUEPKOtM\">pic.twitter.com\/FdsUEPKOtM<\/a><\/p>&mdash; Zona Roja Oaxaca (@Zona_Roja_Oax) <a href=\"https:\/\/twitter.com\/Zona_Roja_Oax\/status\/1432138885962911750?ref_src=twsrc%5Etfw\">30 de agosto de 2021<\/a><\/blockquote><\/div>\n<\/div><\/figure>\n\n\n\n<p>Eso dice al micr\u00f3fono don Said Garc\u00eda, que desde hace varios a\u00f1os lucha por los suyos y por los dem\u00e1s desaparecidos, que suman unos 900 en Oaxaca, seg\u00fan detalla.<\/p>\n\n\n\n<p>\u201cEl hijo de un funcionario p\u00fablico o de una persona importante de la vida privada, alguien que tenga el peso pol\u00edtico o econ\u00f3mico s\u00ed lo hacen (la b\u00fasqueda) con todo el aparataje del estado\u201d, reclama.<\/p>\n\n\n\n<p>Do\u00f1a Martha Pablo Cruz, representante de \u201cSabuesos Guerreras Oaxaca\u201d tercia:<\/p>\n\n\n\n<p>\u201cNecesitamos recursos y las herramientas necesarias, para nosotros como colectivo hacer nuestro trabajo, es lo que estamos pidiendo.<\/p>\n\n\n\n<p>\u201cEstamos haciendo la invitaci\u00f3n a todas las familias que se unan; es cierto que el dolor nos paraliza, el miedo, las amenazas, pero si nos unimos todos y somos m\u00e1s fuertes, vamos a hacer temblar a la delincuencia\u201d, remarca.<\/p>\n\n\n\n<p>Dolor que no cesa. Deseos de localizar a sus familiares que les lleva a colocar listones de colores en los verdes framboyanes, el llamado \u201c\u00e1rbol de la esperanza\u201d. Con nombres y apellidos de los ausentes, como el de Juventino Cruz, cuya madre no cesa de sollozar.<\/p>\n\n\n\n<p>\u201cSi t\u00fa no est\u00e1s, me falta el aire, quisiera dejar de llorar, para a tu lado volver a empezar\u2026 Si t\u00fa eres mi sangre, yo s\u00e9 que voy a encontrarte\u201d\u2026 la melod\u00eda \u201cTe voy a encontrar\u201d, de Nicole Pillman, que cala, duele, punza la herida ante la ausencia.<\/p>\n\n\n\n<figure class=\"wp-block-embed-twitter wp-block-embed is-type-rich is-provider-twitter\"><div class=\"wp-block-embed__wrapper\">\n<div class=\"twitter-tweet\"><blockquote class=\"twitter-tweet\" data-lang=\"es\"><p lang=\"es\" dir=\"ltr\"><a href=\"https:\/\/twitter.com\/hashtag\/ENVIVO?src=hash&amp;ref_src=twsrc%5Etfw\">#ENVIVO<\/a><br>Oaxaca de Ju\u00e1rez, Oax., 29 de agosto de 2021.- En v\u00edsperas del d\u00eda internacional del desaparecido, familiares de v\u00edctimas en <a href=\"https:\/\/twitter.com\/hashtag\/Oaxaca?src=hash&amp;ref_src=twsrc%5Etfw\">#Oaxaca<\/a>, realizan una protesta, para exigir que las autoridades indaguen el paradero de sus desaparecidos.<br><br>Transmisi\u00f3n \ud83d\udc47<a href=\"https:\/\/t.co\/YQYW381WdO\">https:\/\/t.co\/YQYW381WdO<\/a><\/p>&mdash; Zona Roja Oaxaca (@Zona_Roja_Oax) <a href=\"https:\/\/twitter.com\/Zona_Roja_Oax\/status\/1432005144544153600?ref_src=twsrc%5Etfw\">29 de agosto de 2021<\/a><\/blockquote><\/div>\n<\/div><\/figure>\n","protected":false},"excerpt":{"rendered":"<p>Ismael Garc\u00eda M.\/Zona Roja. Oaxaca de Ju\u00e1rez, Oax., 29 de agosto de 2021.- Ma\u00f1ana fresca&hellip;<\/p>\n","protected":false},"author":2,"featured_media":31451,"comment_status":"closed","ping_status":"open","sticky":false,"template":"","format":"standard","meta":{"_lmt_disableupdate":"","_lmt_disable":"","_jetpack_memberships_contains_paid_content":false,"footnotes":""},"categories":[109,47],"tags":[2869],"class_list":["post-31450","post","type-post","status-publish","format-standard","has-post-thumbnail","hentry","category-minuto-a-minuto","category-zona-gris","tag-sabuesos-guerreras-oaxaca"],"jetpack_featured_media_url":"https:\/\/zonaroja.com.mx\/wp-content\/uploads\/2021\/08\/Busqueda-desaparecidos-Oaxaca.jpg","jetpack_sharing_enabled":true,"_links":{"self":[{"href":"https:\/\/zonaroja.com.mx\/index.php?rest_route=\/wp\/v2\/posts\/31450","targetHints":{"allow":["GET"]}}],"collection":[{"href":"https:\/\/zonaroja.com.mx\/index.php?rest_route=\/wp\/v2\/posts"}],"about":[{"href":"https:\/\/zonaroja.com.mx\/index.php?rest_route=\/wp\/v2\/types\/post"}],"author":[{"embeddable":true,"href":"https:\/\/zonaroja.com.mx\/index.php?rest_route=\/wp\/v2\/users\/2"}],"replies":[{"embeddable":true,"href":"https:\/\/zonaroja.com.mx\/index.php?rest_route=%2Fwp%2Fv2%2Fcomments&post=31450"}],"version-history":[{"count":2,"href":"https:\/\/zonaroja.com.mx\/index.php?rest_route=\/wp\/v2\/posts\/31450\/revisions"}],"predecessor-version":[{"id":31453,"href":"https:\/\/zonaroja.com.mx\/index.php?rest_route=\/wp\/v2\/posts\/31450\/revisions\/31453"}],"wp:featuredmedia":[{"embeddable":true,"href":"https:\/\/zonaroja.com.mx\/index.php?rest_route=\/wp\/v2\/media\/31451"}],"wp:attachment":[{"href":"https:\/\/zonaroja.com.mx\/index.php?rest_route=%2Fwp%2Fv2%2Fmedia&parent=31450"}],"wp:term":[{"taxonomy":"category","embeddable":true,"href":"https:\/\/zonaroja.com.mx\/index.php?rest_route=%2Fwp%2Fv2%2Fcategories&post=31450"},{"taxonomy":"post_tag","embeddable":true,"href":"https:\/\/zonaroja.com.mx\/index.php?rest_route=%2Fwp%2Fv2%2Ftags&post=31450"}],"curies":[{"name":"wp","href":"https:\/\/api.w.org\/{rel}","templated":true}]}}