{"id":31454,"date":"2021-08-29T21:23:51","date_gmt":"2021-08-30T02:23:51","guid":{"rendered":"http:\/\/www.zonaroja.com.mx\/?p=31454"},"modified":"2021-08-29T21:23:54","modified_gmt":"2021-08-30T02:23:54","slug":"otra-semana-roja-por-covid-en-oaxaca-170-muertes-y-3291-contagiados","status":"publish","type":"post","link":"https:\/\/zonaroja.com.mx\/?p=31454","title":{"rendered":"Otra semana roja por Covid en Oaxaca: 170 muertes y 3,291 contagiados"},"content":{"rendered":"\n<p>Redacci\u00f3n\/Zona Roja.<\/p>\n\n\n\n<p>Oaxaca de Ju\u00e1rez, Oax. 29 de agosto de 2021.- Los contagios por Covid-19 contin\u00faan en aumento en la entidad.<\/p>\n\n\n\n<p>Durante la semana del 22 al 28 de agosto, se registraron tres mil 291 casos, lo que elev\u00f3 a 66 mil 564 la cifra global de personas con diagn\u00f3stico confirmatorio de esta enfermedad respiratoria, inform\u00f3 la dependencia Servicios de Salud de Oaxaca (SSO).<\/p>\n\n\n\n<p>Adem\u00e1s, en los \u00faltimos siete d\u00edas se reportaron 170 decesos a causa de esta patolog\u00eda y tambi\u00e9n se registr\u00f3 la segunda cifra m\u00e1s alta de muertes notificadas en lo que va del a\u00f1o, detall\u00f3 en un comunicado.<\/p>\n\n\n\n<p>Ante este panorama, enfatiz\u00f3 que el riesgo de contagios a causa de este Coronavirus sigue alto y para desacelerar la curva epid\u00e9mica se necesita la colaboraci\u00f3n de todas y todos en aplicar las medidas sanitarias, pues solo de esta forma, se evitar\u00e1 la p\u00e9rdida de vidas humanas, as\u00ed como, la saturaci\u00f3n de la red m\u00e9dica, cuyo promedio se mantiene por arriba del 70% en territorio estatal.<\/p>\n\n\n\n<p>Precis\u00f3 que, de acuerdo a la medici\u00f3n de los indicadores de riesgo establecidos por las autoridades sanitarias federales, la entidad contin\u00faa en sem\u00e1foro color naranja hasta el 5 de septiembre.<\/p>\n\n\n\n<figure class=\"wp-block-embed-twitter wp-block-embed is-type-rich is-provider-twitter\"><div class=\"wp-block-embed__wrapper\">\n<div class=\"twitter-tweet\"><blockquote class=\"twitter-tweet\" data-lang=\"es\"><p lang=\"es\" dir=\"ltr\"><a href=\"https:\/\/twitter.com\/hashtag\/%C3%9AltimoMinuto?src=hash&amp;ref_src=twsrc%5Etfw\">#\u00daltimoMinuto<\/a><br>En el caso de <a href=\"https:\/\/twitter.com\/hashtag\/Oaxaca?src=hash&amp;ref_src=twsrc%5Etfw\">#Oaxaca<\/a>, los Servicios de Salud reportaron 191 casos positivos, para un acumulado de 66 mil 755 casos confirmados.<br>Tambi\u00e9n, 5 decesos, que dan un total de 4 mil 538 fallecimientos.<br>Ocupaci\u00f3n hospitalaria al 72%; 17 nosocomios saturados.<a href=\"https:\/\/twitter.com\/hashtag\/Qu%C3%A9dateEnCasa?src=hash&amp;ref_src=twsrc%5Etfw\">#Qu\u00e9dateEnCasa<\/a> <a href=\"https:\/\/t.co\/sNlbgE3wbI\">pic.twitter.com\/sNlbgE3wbI<\/a><\/p>&mdash; Zona Roja Oaxaca (@Zona_Roja_Oax) <a href=\"https:\/\/twitter.com\/Zona_Roja_Oax\/status\/1432151151168925696?ref_src=twsrc%5Etfw\">30 de agosto de 2021<\/a><\/blockquote><\/div>\n<\/div><\/figure>\n\n\n\n<p>Refiri\u00f3 que, de los 59 municipios que permanec\u00edan libres de Covid-19, solo quedan exentos 57, gracias a que han mantenido las medidas de prevenci\u00f3n estrictamente.<\/p>\n\n\n\n<p>Mencion\u00f3 que, siguiendo la Estrategia de la Pol\u00edtica Nacional de Vacunaci\u00f3n contra el virus SARS-CoV-2 para la prevenci\u00f3n de la Covid-19 en M\u00e9xico, durante el periodo que se informa se aplicaron 25 mil 900 segundas dosis de la vacuna Sinovac en la regi\u00f3n de Valles Centrales.<\/p>\n\n\n\n<p>Advirti\u00f3 que el virus sigue activo en sus 13 variantes en nuestro estado, por ello, hay que extremar las medidas para evitar el contagio y limitar el riesgo de infecci\u00f3n, como el uso correcto del cubrebocas, lavado frecuente de manos con agua y jab\u00f3n, o limpiarlas con gel antibacterial a base de alcohol al 70%, mantener la sana distancia, evitar lugares concurridos y espacios cerrados.<\/p>\n","protected":false},"excerpt":{"rendered":"<p>Redacci\u00f3n\/Zona Roja. Oaxaca de Ju\u00e1rez, Oax. 29 de agosto de 2021.- Los contagios por Covid-19&hellip;<\/p>\n","protected":false},"author":2,"featured_media":31455,"comment_status":"closed","ping_status":"open","sticky":false,"template":"","format":"standard","meta":{"_lmt_disableupdate":"","_lmt_disable":"","_jetpack_memberships_contains_paid_content":false,"footnotes":""},"categories":[109,47],"tags":[1512],"class_list":["post-31454","post","type-post","status-publish","format-standard","has-post-thumbnail","hentry","category-minuto-a-minuto","category-zona-gris","tag-coronavirus-oaxaca"],"jetpack_featured_media_url":"https:\/\/zonaroja.com.mx\/wp-content\/uploads\/2021\/08\/Covid-29-de-agosto.jpg","jetpack_sharing_enabled":true,"_links":{"self":[{"href":"https:\/\/zonaroja.com.mx\/index.php?rest_route=\/wp\/v2\/posts\/31454","targetHints":{"allow":["GET"]}}],"collection":[{"href":"https:\/\/zonaroja.com.mx\/index.php?rest_route=\/wp\/v2\/posts"}],"about":[{"href":"https:\/\/zonaroja.com.mx\/index.php?rest_route=\/wp\/v2\/types\/post"}],"author":[{"embeddable":true,"href":"https:\/\/zonaroja.com.mx\/index.php?rest_route=\/wp\/v2\/users\/2"}],"replies":[{"embeddable":true,"href":"https:\/\/zonaroja.com.mx\/index.php?rest_route=%2Fwp%2Fv2%2Fcomments&post=31454"}],"version-history":[{"count":1,"href":"https:\/\/zonaroja.com.mx\/index.php?rest_route=\/wp\/v2\/posts\/31454\/revisions"}],"predecessor-version":[{"id":31456,"href":"https:\/\/zonaroja.com.mx\/index.php?rest_route=\/wp\/v2\/posts\/31454\/revisions\/31456"}],"wp:featuredmedia":[{"embeddable":true,"href":"https:\/\/zonaroja.com.mx\/index.php?rest_route=\/wp\/v2\/media\/31455"}],"wp:attachment":[{"href":"https:\/\/zonaroja.com.mx\/index.php?rest_route=%2Fwp%2Fv2%2Fmedia&parent=31454"}],"wp:term":[{"taxonomy":"category","embeddable":true,"href":"https:\/\/zonaroja.com.mx\/index.php?rest_route=%2Fwp%2Fv2%2Fcategories&post=31454"},{"taxonomy":"post_tag","embeddable":true,"href":"https:\/\/zonaroja.com.mx\/index.php?rest_route=%2Fwp%2Fv2%2Ftags&post=31454"}],"curies":[{"name":"wp","href":"https:\/\/api.w.org\/{rel}","templated":true}]}}