{"id":31462,"date":"2021-08-30T08:25:34","date_gmt":"2021-08-30T13:25:34","guid":{"rendered":"http:\/\/www.zonaroja.com.mx\/?p=31462"},"modified":"2021-08-30T08:25:39","modified_gmt":"2021-08-30T13:25:39","slug":"regreso-a-las-aulas-pero-de-manera-consensuada-seccion-59","status":"publish","type":"post","link":"https:\/\/zonaroja.com.mx\/?p=31462","title":{"rendered":"Regreso a las aulas, pero de manera consensuada: Secci\u00f3n 59"},"content":{"rendered":"\n<p>Redacci\u00f3n\/Zona Roja.<\/p>\n\n\n\n<p>Oaxaca de Ju\u00e1rez, Oax., 30 de agosto de 2021.- La Secci\u00f3n 59 del Sindicato Nacional de Trabajadores de la Educaci\u00f3n (SNTE) se pronunci\u00f3 por un ciclo escolar 2021-2022 de manera presencial, pero de com\u00fan acuerdo con todos los involucrados.<\/p>\n\n\n\n<p>\u201cEs tiempo de regresar a las aulas, pero de manera consensuada y de acuerdo con las circunstancias propias de cada comunidad\u201d, expres\u00f3 Ricardo Mosqueda Lagunes, delegado Especial de la gremial.<\/p>\n\n\n\n<p>En un comunicado, se\u00f1al\u00f3 que las clases presenciales se dar\u00e1n de forma paulatina, responsable y segura, honrando el principio fundacional de esta gremial: brindar una educaci\u00f3n ininterrumpida y de calidad para la ni\u00f1ez y la juventud oaxaque\u00f1a.<\/p>\n\n\n\n<p>Expuso que este lunes 30 de agosto todos los planteles afiliados a la Secci\u00f3n 59 del SNTE reiniciar\u00e1n actividades, algunos con estrategias de trabajo a distancia y otros, semipresencial, apunt\u00f3.<\/p>\n\n\n\n<p>Adem\u00e1s, contar\u00e1n con el acompa\u00f1amiento y seguimiento permanente del Comit\u00e9 Ejecutivo Seccional para solicitar el apoyo a las autoridades correspondientes para adquirir insumos para la sanitizaci\u00f3n de espacios, del personal y del alumnado.<\/p>\n\n\n\n<p>Por otra parte, mencion\u00f3 que las escuelas que acordaron un regreso presencial o semipresencial, fue a trav\u00e9s de un consenso con padres de familia, docentes y autoridades Municipales y Estatales.<\/p>\n\n\n\n<p>Por \u00faltimo, dijo que se estar\u00e1 al pendiente del cumplimiento de los protocolos de sanidad y destac\u00f3 la vocaci\u00f3n de las y los docentes de la Secci\u00f3n 59 del SNTE, comprometidos con la educaci\u00f3n y la escuela p\u00fablica.<\/p>\n","protected":false},"excerpt":{"rendered":"<p>Redacci\u00f3n\/Zona Roja. Oaxaca de Ju\u00e1rez, Oax., 30 de agosto de 2021.- La Secci\u00f3n 59 del&hellip;<\/p>\n","protected":false},"author":2,"featured_media":31463,"comment_status":"closed","ping_status":"open","sticky":false,"template":"","format":"standard","meta":{"_lmt_disableupdate":"","_lmt_disable":"","_jetpack_memberships_contains_paid_content":false,"footnotes":""},"categories":[109,46],"tags":[1169],"class_list":["post-31462","post","type-post","status-publish","format-standard","has-post-thumbnail","hentry","category-minuto-a-minuto","category-zona-blanca","tag-seccion-59-del-snte"],"jetpack_featured_media_url":"https:\/\/zonaroja.com.mx\/wp-content\/uploads\/2021\/08\/gg-1-1.jpg","jetpack_sharing_enabled":true,"_links":{"self":[{"href":"https:\/\/zonaroja.com.mx\/index.php?rest_route=\/wp\/v2\/posts\/31462","targetHints":{"allow":["GET"]}}],"collection":[{"href":"https:\/\/zonaroja.com.mx\/index.php?rest_route=\/wp\/v2\/posts"}],"about":[{"href":"https:\/\/zonaroja.com.mx\/index.php?rest_route=\/wp\/v2\/types\/post"}],"author":[{"embeddable":true,"href":"https:\/\/zonaroja.com.mx\/index.php?rest_route=\/wp\/v2\/users\/2"}],"replies":[{"embeddable":true,"href":"https:\/\/zonaroja.com.mx\/index.php?rest_route=%2Fwp%2Fv2%2Fcomments&post=31462"}],"version-history":[{"count":1,"href":"https:\/\/zonaroja.com.mx\/index.php?rest_route=\/wp\/v2\/posts\/31462\/revisions"}],"predecessor-version":[{"id":31464,"href":"https:\/\/zonaroja.com.mx\/index.php?rest_route=\/wp\/v2\/posts\/31462\/revisions\/31464"}],"wp:featuredmedia":[{"embeddable":true,"href":"https:\/\/zonaroja.com.mx\/index.php?rest_route=\/wp\/v2\/media\/31463"}],"wp:attachment":[{"href":"https:\/\/zonaroja.com.mx\/index.php?rest_route=%2Fwp%2Fv2%2Fmedia&parent=31462"}],"wp:term":[{"taxonomy":"category","embeddable":true,"href":"https:\/\/zonaroja.com.mx\/index.php?rest_route=%2Fwp%2Fv2%2Fcategories&post=31462"},{"taxonomy":"post_tag","embeddable":true,"href":"https:\/\/zonaroja.com.mx\/index.php?rest_route=%2Fwp%2Fv2%2Ftags&post=31462"}],"curies":[{"name":"wp","href":"https:\/\/api.w.org\/{rel}","templated":true}]}}