{"id":31468,"date":"2021-08-30T08:53:42","date_gmt":"2021-08-30T13:53:42","guid":{"rendered":"http:\/\/www.zonaroja.com.mx\/?p=31468"},"modified":"2021-08-30T08:53:44","modified_gmt":"2021-08-30T13:53:44","slug":"ejecutan-extrajudicialmente-a-6-defensores-de-dh-en-oaxaca","status":"publish","type":"post","link":"https:\/\/zonaroja.com.mx\/?p=31468","title":{"rendered":"Ejecutan extrajudicialmente a 6 defensores de DH en Oaxaca"},"content":{"rendered":"\n<p>Redacci\u00f3n\/Estado 20.<\/p>\n\n\n\n<p>Oaxaca de Ju\u00e1rez, Oax., 30 de agosto de 2021.- Entre junio de 2020 y mayo de 2021, en Oaxaca se registraron seis casos de ejecuci\u00f3n extrajudicial de personas defensoras de derechos humanos (DH); es decir, en estos cr\u00edmenes hubo participaci\u00f3n y est\u00e1 implicado el gobierno, inform\u00f3 la organizaci\u00f3n Comit\u00e9 Cerezo.<\/p>\n\n\n\n<p>La cifra de ejecuciones extrajudiciales en el \u00faltimo a\u00f1o, coloca a la entidad oaxaque\u00f1a como el estado con mayor n\u00famero de casos documentados, de acuerdo con su informe \u201cDefender los Derechos Humanos en M\u00e9xico: Sin verdad y sin justicia no hay transformaci\u00f3n\u201d.<\/p>\n\n\n\n<p>A Oaxaca le sigue Chiapas con cuatro casos y Sonora y Baja California con dos. Significativamente Guerrero, que usualmente ocupaba los tres primeros lugares en informes anteriores, aparece con una sola v\u00edctima en el presente informe.<\/p>\n\n\n\n<p>En total, son 18 los casos documentados de ejecuciones extrajudiciales cometidas en contra de personas defensoras de DH en el periodo que abarca el informe. Y en lo que va del gobierno del presidente Andr\u00e9s Manuel L\u00f3pez Obrador suman 45, seg\u00fan la asociaci\u00f3n; pero el gobierno federal reconoce que en su administraci\u00f3n han sido asesinadas 68 personas defensoras, 23 m\u00e1s de las que reporta Comit\u00e9 Cerezo.<\/p>\n\n\n\n<p>Las personas defensoras asesinadas extrajudicialmente en Oaxaca, precisa Comit\u00e9 Cerezo, son Tom\u00e1s Mart\u00ednez Pinacho del Frente Popular Revolucionario (FPR), asesinado el 24 de agosto de 2020; Rodolfo D\u00edaz Jim\u00e9nez de Loxicha, ejecutado el 2 de noviembre de 2020; Gabino \u00c1vila Mart\u00ednez del Movimiento de Unificaci\u00f3n y Lucha Triqui (MULT), asesinado el 20 de noviembre de 2020; Maurilio Hern\u00e1ndez Mart\u00ednez del MULT, ejecutado el 25 de noviembre de 2020.<\/p>\n\n\n\n<p>As\u00ed como Fidel Heras Cruz del Consejo de Pueblos Unidos por la Defensa del R\u00edo Verde (Copudever), asesinado el 23 de enero de 2021; y Jaime Jim\u00e9nez Ruiz del Copudever, ejecutado el 28 de marzo de 2021.<\/p>\n\n\n\n<p>La organizaci\u00f3n explica que, para evaluar esta cifra, es necesario recordar que en los primeros seis meses del gobierno de Andr\u00e9s Manuel L\u00f3pez Obrador se cometieron 18 ejecuciones extrajudiciales en contra de personas defensoras de derechos humanos y en el pasado informe s\u00f3lo hubo nueve casos de ejecuci\u00f3n extrajudicial<\/p>\n\n\n\n<p>El n\u00famero de personas defensoras de DH v\u00edctimas de una ejecuci\u00f3n extrajudicial en el periodo que va del gobierno de L\u00f3pez Obrador ha decrecido ligeramente, aunque siguen present\u00e1ndose casos de esta grave violaci\u00f3n a derechos humanos.<\/p>\n\n\n\n<p>De la misma manera aclara que estas ejecuciones extrajudiciales se realizaron con una motivaci\u00f3n pol\u00edtica, es decir, \u201ccon la intenci\u00f3n de castigar a las personas defensoras de derechos humanos por la labor que estaban realizando, as\u00ed como para frenar y\/o desarticular la lucha organizada de las personas defensoras de derechos humanos\u201d.<\/p>\n\n\n\n<p>Al comparar los dos a\u00f1os y medio del gobierno de L\u00f3pez Obrador con el mismo periodo en los sexenios de Felipe Calder\u00f3n Hinojosa y el del Enrique Pe\u00f1a Nieto, se\u00f1ala que en este \u00faltimo se triplic\u00f3 el n\u00famero de v\u00edctimas de ejecuci\u00f3n extrajudicial; mientras que, en el sexenio que cursamos, el n\u00famero de ejecuciones extrajudiciales cometidas representa el 13 por ciento del total de v\u00edctimas de ejecuci\u00f3n extrajudicial.<\/p>\n\n\n\n<p>\u201cLas cifras que hemos presentado en los informes anteriores, incluyendo este, nos indican que la tendencia es ligeramente decreciente en el uso de este mecanismo de represi\u00f3n pol\u00edtica en contra de las personas defensoras de derechos humanos, lo que supone un cambio significativo con respecto al sexenio anterior\u201d, afirma.<\/p>\n\n\n\n<p>Durante este periodo (junio de 2020 a mayo de 2021) s\u00f3lo una mujer fue v\u00edctima, mientras que 17 hombres fueron v\u00edctimas de una ejecuci\u00f3n extrajudicial.<\/p>\n\n\n\n<p>Como en el informe anterior, agrega la organizaci\u00f3n, la mayor\u00eda de las ejecuciones extrajudiciales ocurrieron en contra de personas no ind\u00edgenas.<\/p>\n\n\n\n<p>De las personas ind\u00edgenas defensoras de derechos humanos v\u00edctimas de una ejecuci\u00f3n extrajudicial, dos son de la naci\u00f3n Triqui, dos Kumiai, un Tzotzil, un Rar\u00e1muri, un Loxicha y uno m\u00e1s del estado de Jalisco q\u201due sabemos que es ind\u00edgena pero no sabemos a qu\u00e9 naci\u00f3n pertenece\u201d.<\/p>\n\n\n\n<p>Comit\u00e9 Cerezo sostiene que en seis casos el perpetrador fue un grupo paramilitar ligado a autoridades de las entidades federativas quien cometi\u00f3 igual n\u00famero de ejecuciones extrajudiciales; y en los doce casos restantes no se pudo identificar al perpetrador.<\/p>\n\n\n\n<p>\u201cPero repetimos, como siempre, que el no poder identificar al perpetrador no quiere decir que \u00e9stos no obedec\u00edan a alg\u00fan agente de estado, pues como se advierte en nuestra metodolog\u00eda, en estos casos se analiza el contexto, y esa informaci\u00f3n se cruza con los casos que las personas defensoras de derechos humanos acompa\u00f1aban o la labor espec\u00edfica que realizaban como defensores v\u00edctimas de la ejecuci\u00f3n extrajudicial\u201d.<\/p>\n\n\n\n<p>Tambi\u00e9n, dice, se revisa si hubo amenazas o ataques previos y qui\u00e9nes fueron los perpetradores. Con todos esos elementos, se puede afirmar si el perpetrador tuvo o no relaci\u00f3n con el Estado.<\/p>\n\n\n\n<p>\u201cAs\u00ed, s\u00f3lo si hay elementos para presumir la participaci\u00f3n de agentes de estado como perpetradores, los casos se incluye en la lista, si no existen los elementos de an\u00e1lisis que nos permitan determinar la participaci\u00f3n de agentes de estado o que la ejecuci\u00f3n est\u00e1 relacionada con la labor de defensa del defensor, se excluyen de la lista\u201d.<\/p>\n\n\n\n<p>Seg\u00fan la organizaci\u00f3n, en estas ejecuciones extrajudiciales, opera el mismo comportamiento que en el sexenio de Pe\u00f1a Nieto, cuando una parte de las ejecuciones eran perpetradas por paramilitares y en la otra parte de los casos se desconoc\u00eda al perpetrador<\/p>\n\n\n\n<p>El hecho de que haya un caso en que una ejecuci\u00f3n extrajudicial haya beneficiado a una empresa privada, puntualiza, no quiere decir que fue la empresa la perpetradora, ya que entonces no ser\u00eda una ejecuci\u00f3n extrajudicial, sino un homicidio del fuero com\u00fan.<\/p>\n\n\n\n<p>\u201cNinguna de las ejecuciones extrajudiciales documentadas en este informe beneficia al Gobierno Federal. Sin embargo, podemos observar que los principales beneficiarios de las ejecuciones extrajudiciales se comportan de manera similar a lo documentado en los informes anteriores, pues las empresas son las principales beneficiarias del uso de este mecanismo\u201d, recalca.<\/p>\n\n\n\n<p>Como en el primer informe de los \u00faltimos seis meses de Pe\u00f1a Nieto y los primeros seis meses de L\u00f3pez Obrador, Comit\u00e9 Cerezo afirma que se document\u00f3 que la defensa de los derechos humanos vinculados al territorio y medio ambiente fueron los derechos que fundamentalmente defend\u00edan las v\u00edctimas de ejecuci\u00f3n extrajudicial; \u201cde hecho, en 10 actos las v\u00edctimas eran miembros de organizaciones sociales que defienden el territorio, y en dos casos defend\u00edan el medio ambiente\u201d.<\/p>\n","protected":false},"excerpt":{"rendered":"<p>Redacci\u00f3n\/Estado 20. Oaxaca de Ju\u00e1rez, Oax., 30 de agosto de 2021.- Entre junio de 2020&hellip;<\/p>\n","protected":false},"author":2,"featured_media":25069,"comment_status":"closed","ping_status":"open","sticky":false,"template":"","format":"standard","meta":{"_lmt_disableupdate":"","_lmt_disable":"","_jetpack_memberships_contains_paid_content":false,"footnotes":""},"categories":[109,47],"tags":[],"class_list":["post-31468","post","type-post","status-publish","format-standard","has-post-thumbnail","hentry","category-minuto-a-minuto","category-zona-gris"],"jetpack_featured_media_url":"https:\/\/zonaroja.com.mx\/wp-content\/uploads\/2021\/03\/Fidel-Heras-Cruz.jpg","jetpack_sharing_enabled":true,"_links":{"self":[{"href":"https:\/\/zonaroja.com.mx\/index.php?rest_route=\/wp\/v2\/posts\/31468","targetHints":{"allow":["GET"]}}],"collection":[{"href":"https:\/\/zonaroja.com.mx\/index.php?rest_route=\/wp\/v2\/posts"}],"about":[{"href":"https:\/\/zonaroja.com.mx\/index.php?rest_route=\/wp\/v2\/types\/post"}],"author":[{"embeddable":true,"href":"https:\/\/zonaroja.com.mx\/index.php?rest_route=\/wp\/v2\/users\/2"}],"replies":[{"embeddable":true,"href":"https:\/\/zonaroja.com.mx\/index.php?rest_route=%2Fwp%2Fv2%2Fcomments&post=31468"}],"version-history":[{"count":1,"href":"https:\/\/zonaroja.com.mx\/index.php?rest_route=\/wp\/v2\/posts\/31468\/revisions"}],"predecessor-version":[{"id":31469,"href":"https:\/\/zonaroja.com.mx\/index.php?rest_route=\/wp\/v2\/posts\/31468\/revisions\/31469"}],"wp:featuredmedia":[{"embeddable":true,"href":"https:\/\/zonaroja.com.mx\/index.php?rest_route=\/wp\/v2\/media\/25069"}],"wp:attachment":[{"href":"https:\/\/zonaroja.com.mx\/index.php?rest_route=%2Fwp%2Fv2%2Fmedia&parent=31468"}],"wp:term":[{"taxonomy":"category","embeddable":true,"href":"https:\/\/zonaroja.com.mx\/index.php?rest_route=%2Fwp%2Fv2%2Fcategories&post=31468"},{"taxonomy":"post_tag","embeddable":true,"href":"https:\/\/zonaroja.com.mx\/index.php?rest_route=%2Fwp%2Fv2%2Ftags&post=31468"}],"curies":[{"name":"wp","href":"https:\/\/api.w.org\/{rel}","templated":true}]}}