{"id":31471,"date":"2021-08-30T14:09:59","date_gmt":"2021-08-30T19:09:59","guid":{"rendered":"https:\/\/www.zonaroja.com.mx\/?p=31471"},"modified":"2021-08-31T07:47:10","modified_gmt":"2021-08-31T12:47:10","slug":"de-oaxaca-para-rusia-musicos-oaxaquenos-tocan-en-moscu","status":"publish","type":"post","link":"https:\/\/zonaroja.com.mx\/?p=31471","title":{"rendered":"De Oaxaca para Rusia: m\u00fasicos oaxaque\u00f1os tocan en Mosc\u00fa"},"content":{"rendered":"\n<p class=\"MsoNormal\">Evlin Arag\u00f3n\/Zona Roja. <\/p>\n\n\n\n<p class=\"MsoNormal\">Oaxaca de Ju\u00e1rez, Oax., 30 de agosto de 2021.-&nbsp;Carlos Sol\u00eds, Eduardo Sol\u00eds, Emmanuel \u00c1vila, Azael Crist\u00f3bal, Francisco Mart\u00ednez, Pedro Ruiz y Germ\u00e1n L\u00f3pez son algunos de los oaxaque\u00f1os que integran la selecci\u00f3n de m\u00fasicos de la Secretar\u00eda de la Defensa Nacional (Sedena) que en estos momentos se encuentra poniendo en alto el nombre de nuestro pa\u00eds en Rusia.&nbsp;&nbsp;<\/p>\n\n\n\n<p class=\"MsoNormal\">As\u00ed se dio a conocer en las redes sociales, donde diferentes p\u00e1ginas y usuarios advierten&nbsp;la participaci\u00f3n de oaxaque\u00f1os y una oaxaque\u00f1a en el Festival Spasskaya Tower 2021, que se lleva a cabo en la Plaza Roja de Mosc\u00fa,&nbsp;del 27 de agosto al 5 de septiembre.&nbsp;&nbsp;<\/p>\n\n\n\n<p class=\"MsoNormal\">\u201cLa m\u00fasica trasciende fronteras, en esta ocasi\u00f3n los m\u00fasicos: Carlos Sol\u00eds, Eduardo Sol\u00eds, Emmanuel \u00c1vila, Azael Crist\u00f3bal y Francisco Mart\u00ednez, forman parte de la selecci\u00f3n de m\u00fasicos de la SEDENA que se encuentran representando a M\u00e9xico en el Spasskaya Tower Festival en Rusia. Oaxaca&#8230; Tierra de m\u00fasicos\u201d, refiere la p\u00e1gina de Facebook Oaxaca M\u00e1gico.&nbsp;<\/p>\n\n\n\n<p class=\"MsoNormal\">A la misma publicaci\u00f3n le hacen la aclaraci\u00f3n que se trata de un total de 15 oaxaque\u00f1os los que se encuentran en el pa\u00eds europeo m\u00e1s grande, dentro de ellos una mujer que forma parte del Ballet Folkl\u00f3rico del Ej\u00e9rcito Mexicana y la Fuerza A\u00e9rea.&nbsp;<\/p>\n\n\n\n<p class=\"MsoNormal\">\u201cSomos en total 15 oaxaque\u00f1os representando a la Naci\u00f3n, entre los cuales se encuentra una bailarina. La gran mayor\u00eda pertenecemos a la Sierra Norte y al Valle de Oaxaca y todos hablamos un dialecto\u201d, refiere Guillermo Aquysi, originario de Santo Domingo Roayaga.&nbsp;&nbsp;<\/p>\n\n\n\n<p class=\"MsoNormal\">Lo anterior es corroborado por Reyes Jim\u00e9nez, quien naci\u00f3 en Santa Mar\u00eda Tepantlalli, y asegura que falta por nombrarse a otro de sus paisanos, de nombre Severiano, adem\u00e1s de Pedro Ruiz, originario de Villa Hidalgo Yal\u00e1lag.&nbsp;<\/p>\n\n\n\n<p class=\"MsoNormal\">\u201cFaltan m\u00e1s&#8230;. Est\u00e1 el amigo Pedro Ruiz en el tromb\u00f3n directamente de Yal\u00e1lag y el amigo Severiano en el clarinete de Santa Mar\u00eda Tepantlali, Mixe. Solo por mencionar algunos\u201d, refiere.&nbsp;&nbsp;<\/p>\n\n\n\n<p class=\"MsoNormal\">Fue apenas&nbsp;este viernes, 27 de agosto, que la banda de m\u00fasica y el Ballet Folkl\u00f3rico del Ej\u00e9rcito Mexicana y la Fuerza A\u00e9rea particip\u00f3 por segunda ocasi\u00f3n en el Festival Internacional Spasskaya Tower 2021.&nbsp;<\/p>\n\n\n\n<p class=\"MsoNormal\">Dicho evento, organizado desde el 2006, re\u00fane a m\u00e1s de 40 pa\u00edses en la Plaza Roja de Mosc\u00fa, donde participan bandas militares rusas y extranjeras, grupos folcl\u00f3ricos y unidades de guardia de honor de pa\u00edses extranjeros. <\/p>\n","protected":false},"excerpt":{"rendered":"<p>Evlin Arag\u00f3n\/Zona Roja. Oaxaca de Ju\u00e1rez, Oax., 30 de agosto de 2021.-&nbsp;Carlos Sol\u00eds, Eduardo Sol\u00eds,&hellip;<\/p>\n","protected":false},"author":2,"featured_media":31493,"comment_status":"closed","ping_status":"open","sticky":false,"template":"","format":"standard","meta":{"_lmt_disableupdate":"","_lmt_disable":"","_jetpack_memberships_contains_paid_content":false,"footnotes":""},"categories":[109,46],"tags":[],"class_list":["post-31471","post","type-post","status-publish","format-standard","has-post-thumbnail","hentry","category-minuto-a-minuto","category-zona-blanca"],"jetpack_featured_media_url":"https:\/\/zonaroja.com.mx\/wp-content\/uploads\/2021\/08\/Musicos-oaxaquenos-en-Rusia.jpg","jetpack_sharing_enabled":true,"_links":{"self":[{"href":"https:\/\/zonaroja.com.mx\/index.php?rest_route=\/wp\/v2\/posts\/31471","targetHints":{"allow":["GET"]}}],"collection":[{"href":"https:\/\/zonaroja.com.mx\/index.php?rest_route=\/wp\/v2\/posts"}],"about":[{"href":"https:\/\/zonaroja.com.mx\/index.php?rest_route=\/wp\/v2\/types\/post"}],"author":[{"embeddable":true,"href":"https:\/\/zonaroja.com.mx\/index.php?rest_route=\/wp\/v2\/users\/2"}],"replies":[{"embeddable":true,"href":"https:\/\/zonaroja.com.mx\/index.php?rest_route=%2Fwp%2Fv2%2Fcomments&post=31471"}],"version-history":[{"count":1,"href":"https:\/\/zonaroja.com.mx\/index.php?rest_route=\/wp\/v2\/posts\/31471\/revisions"}],"predecessor-version":[{"id":31472,"href":"https:\/\/zonaroja.com.mx\/index.php?rest_route=\/wp\/v2\/posts\/31471\/revisions\/31472"}],"wp:featuredmedia":[{"embeddable":true,"href":"https:\/\/zonaroja.com.mx\/index.php?rest_route=\/wp\/v2\/media\/31493"}],"wp:attachment":[{"href":"https:\/\/zonaroja.com.mx\/index.php?rest_route=%2Fwp%2Fv2%2Fmedia&parent=31471"}],"wp:term":[{"taxonomy":"category","embeddable":true,"href":"https:\/\/zonaroja.com.mx\/index.php?rest_route=%2Fwp%2Fv2%2Fcategories&post=31471"},{"taxonomy":"post_tag","embeddable":true,"href":"https:\/\/zonaroja.com.mx\/index.php?rest_route=%2Fwp%2Fv2%2Ftags&post=31471"}],"curies":[{"name":"wp","href":"https:\/\/api.w.org\/{rel}","templated":true}]}}