{"id":31473,"date":"2021-08-30T15:53:12","date_gmt":"2021-08-30T20:53:12","guid":{"rendered":"http:\/\/www.zonaroja.com.mx\/?p=31473"},"modified":"2021-08-30T15:53:17","modified_gmt":"2021-08-30T20:53:17","slug":"inicia-ciclo-escolar-en-oaxaca-3133-escuelas-en-modalidad-presencial","status":"publish","type":"post","link":"https:\/\/zonaroja.com.mx\/?p=31473","title":{"rendered":"Inicia ciclo escolar en Oaxaca; 3,133 escuelas en modalidad presencial"},"content":{"rendered":"\n<p>Redacci\u00f3n\/Zona Roja.<\/p>\n\n\n\n<p>Oaxaca de Ju\u00e1rez, Oax., 30 de agosto de 2021.- En Oaxaca el ciclo escolar 2021-2022 inici\u00f3 en modalidad mixta.<\/p>\n\n\n\n<p>En educaci\u00f3n b\u00e1sica regresaron a clases bajo esquema semipresencial tres mil 133 escuelas, que representan el 27% (11 mil 272) con 233 mil 821 estudiantes; de las cuales dos mil 686 son p\u00fablicas (25% de 10 mil 746) con 207 mil 918 estudiantes, y 447 escuelas privadas (85% de 526) con 25 mil 903 estudiantes.<\/p>\n\n\n\n<p>De acuerdo con el Gobierno del Estado, de manera consensuada con madres, padres de familia, docentes, autoridades educativas y municipales, priorizando la salud y educaci\u00f3n de los escolares oaxaque\u00f1os, arranc\u00f3 el periodo lectivo.<\/p>\n\n\n\n<p>En un comunicado, a trav\u00e9s del Instituto Estatal de Educaci\u00f3n P\u00fablica de Oaxaca detall\u00f3 que son 862 mil 147 estudiantes y 70 mil docentes de 11 mil 272 escuelas del nivel b\u00e1sico de la entidad, las arrancaron sus actividades escolares de manera semipresencial y a distancia.<\/p>\n\n\n\n<p>En la escuela primaria \u201cBenito Ju\u00e1rez\u201d de la capital oaxaque\u00f1a, en donde la comunidad escolar eligi\u00f3 la modalidad semipresencial y en el que se llevan a cabo estrictos controles sanitarios, el gobernador Alejandro Murat dio inicio al ciclo escolar.<\/p>\n\n\n\n<p>Estuvo acompa\u00f1ado por la directora general de Bachillerato, Mar\u00eda de los \u00c1ngeles Cort\u00e9s Basurto, en representaci\u00f3n de la secretaria de Educaci\u00f3n P\u00fablica (SEP), Delfina G\u00f3mez \u00c1lvarez, quien reconoci\u00f3 el trabajo conjunto de las maestras, maestros, madres y padres de familia para lograr el inicio de clases.<\/p>\n\n\n\n<p>En este contexto, el mandatario asever\u00f3 que Oaxaca cuenta con una sociedad resiliente, que se puede adecuar a esta nueva normalidad, ya que el Covid-19 seguir\u00e1 presente en el mundo, por lo que se deben continuar con las medidas estrictas de salud para cuidar la vida de las ni\u00f1as, ni\u00f1os, madres y padres de familia, as\u00ed como de las maestras y maestros, a quienes agradeci\u00f3 su esfuerzo y dedicaci\u00f3n.<\/p>\n\n\n\n<p>Record\u00f3 las medidas sanitarias que se deben tomar en las aulas, como el uso del cubre bocas, sana distancia y lavado constante de manos, para crear espacios de seguridad que permitan este retorno gradual a las escuelas de manera exitosa con la colaboraci\u00f3n de todas y todos.<\/p>\n\n\n\n<p>\u201cHoy nos unimos los tres \u00f3rdenes de gobierno para que el regreso a clases sea un proceso exitoso, en donde lo m\u00e1s importante es la vida y salud de las ni\u00f1as, ni\u00f1os, docentes, madres y padres de familia, y que se cumplan los sue\u00f1os de los escolares\u201d, destac\u00f3.<\/p>\n\n\n\n<figure class=\"wp-block-embed-twitter wp-block-embed is-type-rich is-provider-twitter\"><div class=\"wp-block-embed__wrapper\">\n<div class=\"twitter-tweet\"><blockquote class=\"twitter-tweet\" data-lang=\"es\"><p lang=\"es\" dir=\"ltr\"><a href=\"https:\/\/twitter.com\/hashtag\/%C3%9AltimoMinuto?src=hash&amp;ref_src=twsrc%5Etfw\">#\u00daltimoMinuto<\/a> <br>En la escuela primaria \u201cBenito Ju\u00e1rez\u201d de la ciudad de <a href=\"https:\/\/twitter.com\/hashtag\/Oaxaca?src=hash&amp;ref_src=twsrc%5Etfw\">#Oaxaca<\/a>, el gobernador <a href=\"https:\/\/twitter.com\/alejandromurat?ref_src=twsrc%5Etfw\">@alejandromurat<\/a> y el titular del <a href=\"https:\/\/twitter.com\/IEEPOGobOax?ref_src=twsrc%5Etfw\">@IEEPOGobOax<\/a>, <a href=\"https:\/\/twitter.com\/VillarrealPaco?ref_src=twsrc%5Etfw\">@VillarrealPaco<\/a>, dieron inicio al ciclo escolar 2021-2022, que en este plantel se realiza de manera presencial. <a href=\"https:\/\/t.co\/ffRny9414b\">pic.twitter.com\/ffRny9414b<\/a><\/p>&mdash; Zona Roja Oaxaca (@Zona_Roja_Oax) <a href=\"https:\/\/twitter.com\/Zona_Roja_Oax\/status\/1432350251264970757?ref_src=twsrc%5Etfw\">30 de agosto de 2021<\/a><\/blockquote><\/div>\n<\/div><\/figure>\n\n\n\n<p>INICIO, GRAN RETO<\/p>\n\n\n\n<p>En tanto, Cort\u00e9s Basurto dijo que es un d\u00eda hist\u00f3rico para la educaci\u00f3n en M\u00e9xico y Oaxaca, ya que este regreso a clases es un gran reto.<\/p>\n\n\n\n<p>\u201cPara muchas ni\u00f1as, ni\u00f1os y j\u00f3venes la escuela es el lugar m\u00e1s seguro que tienen, es por ello que es importante este regreso a las aulas, sin olvidar las reglas de salud para seguir cuid\u00e1ndonos y cuidar a los dem\u00e1s\u201d, refiri\u00f3.<\/p>\n\n\n\n<p>Reconoci\u00f3 el compromiso y labor que maestras y maestros han tenido durante todo este tiempo de pandemia, ya que es un gran reto adaptarse a las nuevas modalidades. Adem\u00e1s, reiter\u00f3 los protocolos sanitarios que se tienen que seguir para resguardar la salud de las y los escolares.<\/p>\n\n\n\n<p>La Escuela Primaria \u201cBenito Ju\u00e1rez\u201d inici\u00f3 sus actividades escolares con seis grupos de manera semipresencial, asistir\u00e1n la mitad durante la primera semana, dos grupos de primer a\u00f1o y un grupo de tercero, cuarto, quinto y sexto grado.<\/p>\n\n\n\n<p>MIXTO Y ESCALONADO<\/p>\n\n\n\n<p>En su oportunidad el director general del Instituto Estatal de Educaci\u00f3n P\u00fablica de Oaxaca (IEEPO), Francisco \u00c1ngel Villarreal, refiri\u00f3 que el 100% de los escolares oaxaque\u00f1os se encuentran en clases a partir de este lunes 30 de agosto en cualquiera de las dos modalidades, a distancia o de manera presencial, en esta \u00faltima, de forma porcentual en diferentes horarios.<\/p>\n\n\n\n<p>Destac\u00f3 que en cualquiera de las dos modalidades se llevar\u00e1 en consenso con las personas participantes, en donde est\u00e9n de acuerdo madres, padres de familia, docentes, autoridades municipales, educativas y de salud, incluso, a los propios escolares oaxaque\u00f1os, siendo esta consulta modelo a nivel nacional.<\/p>\n\n\n\n<p>Explic\u00f3 que quienes decidieron regresar de manera presencial, ser\u00e1 de manera segura, de forma escalonada, mixta y de acuerdo a las condiciones de cada comunidad; priorizando la vida y salud de la comunidad escolar con la aplicaci\u00f3n de estrictos protocolos y medidas sanitarias.<\/p>\n\n\n\n<p>Aunado a ello, el Gobierno de Oaxaca -dijo-, ha destinado 260 millones de pesos, mayor inversi\u00f3n en el rubro de la historia de la entidad, para la entrega de mobiliario y equipamiento escolar que beneficiar\u00e1 no solo de las y los estudiantes, sino tambi\u00e9n de los 20 mil docentes que desempe\u00f1an su labor.<\/p>\n\n\n\n<p>Posteriormente, Murat Hinojosa acudi\u00f3 al Instituto Luis Sarmiento (ILUSA), entidad educativa privada ubicada en la capital oaxaque\u00f1a, para atestiguar que se cumplen de manera estricta los protocolos de seguridad y salud y respaldar su compromiso con este sector tan importante para fortalecer la educaci\u00f3n en Oaxaca.<\/p>\n","protected":false},"excerpt":{"rendered":"<p>Redacci\u00f3n\/Zona Roja. Oaxaca de Ju\u00e1rez, Oax., 30 de agosto de 2021.- En Oaxaca el ciclo&hellip;<\/p>\n","protected":false},"author":2,"featured_media":31474,"comment_status":"closed","ping_status":"open","sticky":false,"template":"","format":"standard","meta":{"_lmt_disableupdate":"","_lmt_disable":"","_jetpack_memberships_contains_paid_content":false,"footnotes":""},"categories":[109,46],"tags":[173],"class_list":["post-31473","post","type-post","status-publish","format-standard","has-post-thumbnail","hentry","category-minuto-a-minuto","category-zona-blanca","tag-alejandro-murat-hinojosa"],"jetpack_featured_media_url":"https:\/\/zonaroja.com.mx\/wp-content\/uploads\/2021\/08\/AMH-02.jpg","jetpack_sharing_enabled":true,"_links":{"self":[{"href":"https:\/\/zonaroja.com.mx\/index.php?rest_route=\/wp\/v2\/posts\/31473","targetHints":{"allow":["GET"]}}],"collection":[{"href":"https:\/\/zonaroja.com.mx\/index.php?rest_route=\/wp\/v2\/posts"}],"about":[{"href":"https:\/\/zonaroja.com.mx\/index.php?rest_route=\/wp\/v2\/types\/post"}],"author":[{"embeddable":true,"href":"https:\/\/zonaroja.com.mx\/index.php?rest_route=\/wp\/v2\/users\/2"}],"replies":[{"embeddable":true,"href":"https:\/\/zonaroja.com.mx\/index.php?rest_route=%2Fwp%2Fv2%2Fcomments&post=31473"}],"version-history":[{"count":1,"href":"https:\/\/zonaroja.com.mx\/index.php?rest_route=\/wp\/v2\/posts\/31473\/revisions"}],"predecessor-version":[{"id":31475,"href":"https:\/\/zonaroja.com.mx\/index.php?rest_route=\/wp\/v2\/posts\/31473\/revisions\/31475"}],"wp:featuredmedia":[{"embeddable":true,"href":"https:\/\/zonaroja.com.mx\/index.php?rest_route=\/wp\/v2\/media\/31474"}],"wp:attachment":[{"href":"https:\/\/zonaroja.com.mx\/index.php?rest_route=%2Fwp%2Fv2%2Fmedia&parent=31473"}],"wp:term":[{"taxonomy":"category","embeddable":true,"href":"https:\/\/zonaroja.com.mx\/index.php?rest_route=%2Fwp%2Fv2%2Fcategories&post=31473"},{"taxonomy":"post_tag","embeddable":true,"href":"https:\/\/zonaroja.com.mx\/index.php?rest_route=%2Fwp%2Fv2%2Ftags&post=31473"}],"curies":[{"name":"wp","href":"https:\/\/api.w.org\/{rel}","templated":true}]}}