{"id":31476,"date":"2021-08-30T17:37:18","date_gmt":"2021-08-30T22:37:18","guid":{"rendered":"http:\/\/www.zonaroja.com.mx\/?p=31476"},"modified":"2021-08-30T17:37:22","modified_gmt":"2021-08-30T22:37:22","slug":"se-agudiza-crisis-en-sector-salud-de-oaxaca-nosocomios-llenos-de-basura","status":"publish","type":"post","link":"https:\/\/zonaroja.com.mx\/?p=31476","title":{"rendered":"Se agudiza crisis en sector salud de Oaxaca; nosocomios llenos de basura"},"content":{"rendered":"\n<p>Evlin Arag\u00f3n\/Zona Roja.&nbsp;<\/p>\n\n\n\n<p>Oaxaca de Ju\u00e1rez, Oax., 30 de agosto de 2021.- La falta de personal en el \u00e1rea de limpieza, por conflictos con la empresa Servicios de Seguridad y Limpieza (Seglim), mantiene la mayor\u00eda de los hospitales de los Servicios de Salud de Oaxaca (SSO).<\/p>\n\n\n\n<p>Personal recientemente despedido del hospital \u201cDr. Macedonio Ben\u00edtez Fuentes\u201d, ubicado en el municipio de Juchit\u00e1n de Zaragoza, se manifest\u00f3 este lunes en la regi\u00f3n del Istmo de Tehuantepec para exigir el pago de sus salarios pendientes y la recontrataci\u00f3n correspondiente.&nbsp;&nbsp;<\/p>\n\n\n\n<p>Respaldado por la Uni\u00f3n de Colonias Populares, bloquearon las vialidades a la altura de la gasera y el canal 33 e indicaron que fue contratadas al interior de los centros m\u00e9dicos v\u00eda \u201coutsourcing\u201d por lo que esperan una respuesta por parte de la empresa Seguridad y Limpieza (Seglim) y los SSO.&nbsp;<\/p>\n\n\n\n<p>\u201cEsperamos una respuesta por parte de los Servicios de Salud. Actualmente no hay servicio de limpieza al interior del hospital y eso representa una inminente contaminaci\u00f3n para las y los usuarios\u201d, refiri\u00f3 una de las ex trabajadoras.&nbsp;&nbsp;<\/p>\n\n\n\n<p>Debido al despido y la falta de pago, los cestos de basura repletos, los guantes y jeringas tirados en el piso de los quir\u00f3fanos, y los montones de s\u00e1banas sucias, son parte de la cotidianidad al interior del nosocomio, prueba de ello las fotograf\u00edas e im\u00e1genes que se han hecho virales en las redes sociales.&nbsp;&nbsp;&nbsp;<\/p>\n\n\n\n<p>SIGUEN PROBLEMAS<\/p>\n\n\n\n<p>La falta de limpieza no es la \u00fanica problem\u00e1tica a la que se enfrenta dicho hospital, ya que reportan que hay personal m\u00e9dico que labora con s\u00edntomas de probable Covid-19, sin que el director o las autoridades de los SSO autoricen la realizaci\u00f3n constante de pruebas.&nbsp;<\/p>\n\n\n\n<p>El despido del personal de limpieza y la falta de pago se dio a conocer desde hace m\u00e1s de dos semanas en la capital de Oaxaca, cuando trabajadoras del Hospital Civil \u201cDr. Aurelio Valdivieso\u201d pararon labores para exigir el finiquito de sus quincenas pendientes.&nbsp;&nbsp;&nbsp;<\/p>\n\n\n\n<p>Ni la empresa Seglim ni los Servicios de Salud de Oaxaca han atendido la situaci\u00f3n, prueba de ello es que familiares de pacientes tiene que asear los sanitarios ante la falta de personal de limpieza al interior del nosocomio m\u00e1s importante de la entidad.&nbsp;<\/p>\n\n\n\n<p>\u201cEstamos en situaciones precarias, sino fuera por los padres de familia y esposos de se\u00f1oras que tienen ces\u00e1rea o beb\u00e9s enfermos no se hace el aseo en estos ba\u00f1os. Hay d\u00edas en los que no hay agua, jab\u00f3n, ni productos para hacer la limpieza\u201d, se puede escuchar en un video que se hizo viral este fin de semana.&nbsp;<\/p>\n\n\n\n<p>En el mismo material audiovisual se hace un llamado a las autoridades de salud a nivel federal y estatal para que intervengan y reinstalen al personal encargado de la limpieza y la seguridad, a fin de mejorar las condiciones en las que se encuentra el centro m\u00e9dico.&nbsp;&nbsp;<\/p>\n\n\n\n<p>SIGUE \u201cPLANT\u00d3N\u201d<\/p>\n\n\n\n<p>Por si esto fuera poco, integrantes del Sindicato Independiente de Trabajadores y Profesionales en Salud (Sityps) mantienen por tercera semana consecutiva su plant\u00f3n a las afueras de Casa Oficial para denunciar el despido de m\u00e1s de mil 500 empleados de confianza por parte de los Servicios de Salud de Oaxaca y exigir su recontrataci\u00f3n.&nbsp;<\/p>\n\n\n\n<p>Durante sus constantes protestas han denunciado la falta de atenci\u00f3n por parte de Juan Carlos M\u00e1rquez Heine y su responsabilidad en el desvi\u00f3 de recursos destinados a la contrataci\u00f3n de personal, que arriesgo su vida durante la pandemia.&nbsp;&nbsp;<\/p>\n\n\n\n<p>\u201cNo vamos a permitir que nos corran as\u00ed nada m\u00e1s, hay trabajadores que estuvieron trabajando durante la pandemia y ahora porque se les antoja y dicen que hay un desvi\u00f3 de recursos que no es nuestra culpa sino de ellos mismos\u201d, han declarado.&nbsp;&nbsp;<\/p>\n","protected":false},"excerpt":{"rendered":"<p>Evlin Arag\u00f3n\/Zona Roja.&nbsp; Oaxaca de Ju\u00e1rez, Oax., 30 de agosto de 2021.- La falta de&hellip;<\/p>\n","protected":false},"author":2,"featured_media":31477,"comment_status":"closed","ping_status":"open","sticky":false,"template":"","format":"standard","meta":{"_lmt_disableupdate":"","_lmt_disable":"","_jetpack_memberships_contains_paid_content":false,"footnotes":""},"categories":[109,47],"tags":[1005],"class_list":["post-31476","post","type-post","status-publish","format-standard","has-post-thumbnail","hentry","category-minuto-a-minuto","category-zona-gris","tag-servicios-de-salud-de-oaxaca-sso"],"jetpack_featured_media_url":"https:\/\/zonaroja.com.mx\/wp-content\/uploads\/2021\/08\/Hospitales-sin-limpieza-Oaxaca.jpg","jetpack_sharing_enabled":true,"_links":{"self":[{"href":"https:\/\/zonaroja.com.mx\/index.php?rest_route=\/wp\/v2\/posts\/31476","targetHints":{"allow":["GET"]}}],"collection":[{"href":"https:\/\/zonaroja.com.mx\/index.php?rest_route=\/wp\/v2\/posts"}],"about":[{"href":"https:\/\/zonaroja.com.mx\/index.php?rest_route=\/wp\/v2\/types\/post"}],"author":[{"embeddable":true,"href":"https:\/\/zonaroja.com.mx\/index.php?rest_route=\/wp\/v2\/users\/2"}],"replies":[{"embeddable":true,"href":"https:\/\/zonaroja.com.mx\/index.php?rest_route=%2Fwp%2Fv2%2Fcomments&post=31476"}],"version-history":[{"count":1,"href":"https:\/\/zonaroja.com.mx\/index.php?rest_route=\/wp\/v2\/posts\/31476\/revisions"}],"predecessor-version":[{"id":31478,"href":"https:\/\/zonaroja.com.mx\/index.php?rest_route=\/wp\/v2\/posts\/31476\/revisions\/31478"}],"wp:featuredmedia":[{"embeddable":true,"href":"https:\/\/zonaroja.com.mx\/index.php?rest_route=\/wp\/v2\/media\/31477"}],"wp:attachment":[{"href":"https:\/\/zonaroja.com.mx\/index.php?rest_route=%2Fwp%2Fv2%2Fmedia&parent=31476"}],"wp:term":[{"taxonomy":"category","embeddable":true,"href":"https:\/\/zonaroja.com.mx\/index.php?rest_route=%2Fwp%2Fv2%2Fcategories&post=31476"},{"taxonomy":"post_tag","embeddable":true,"href":"https:\/\/zonaroja.com.mx\/index.php?rest_route=%2Fwp%2Fv2%2Ftags&post=31476"}],"curies":[{"name":"wp","href":"https:\/\/api.w.org\/{rel}","templated":true}]}}