{"id":3148,"date":"2019-08-16T16:06:15","date_gmt":"2019-08-16T21:06:15","guid":{"rendered":"http:\/\/www.zonaroja.com.mx\/?p=3148"},"modified":"2019-08-16T16:06:18","modified_gmt":"2019-08-16T21:06:18","slug":"ordena-ine-a-servidores-de-la-nacion-dejar-de-promover-a-amlo","status":"publish","type":"post","link":"https:\/\/zonaroja.com.mx\/?p=3148","title":{"rendered":"Ordena INE a \u201cServidores de la naci\u00f3n\u201d dejar de promover a AMLO"},"content":{"rendered":"\n<p>Redacci\u00f3n\/Zona\nRoja Cdmx.<\/p>\n\n\n\n<p>Ciudad de\nM\u00e9xico., 16 de agosto de 2019.- El Instituto Nacional Electoral (INE) orden\u00f3 hoy\na los \u201cServidores de la naci\u00f3n\u201d del gobierno federal dejar de promover la\nimagen del Presidente de M\u00e9xico, Andr\u00e9s Manuel L\u00f3pez Obrador, durante los actos\nde entrega de apoyos.<\/p>\n\n\n\n<p>Este viernes\nsesion\u00f3 la Comisi\u00f3n de Quejas y Denuncias del \u00f3rgano y determin\u00f3 solicitarles\ntambi\u00e9n que no usen indumentaria con el nombre del titular del Poder Ejecutivo.<\/p>\n\n\n\n<p>Lo anterior,\ndebido a que el art\u00edculo 134 de la Constituci\u00f3n Pol\u00edtica de los Estados Unidos\nMexicanos proh\u00edbe que toda propaganda gubernamental tenga nombres, im\u00e1genes,\nvoces o s\u00edmbolos que impliquen promoci\u00f3n personalizada de cualquier servidor\np\u00fablico. <\/p>\n\n\n\n<p>De la misma\nmanera, se le pidi\u00f3 que se retiren de manera cautelar de las cuentas de\nFacebook y redes sociales de estos servidores p\u00fablicos las publicaciones en las\nque difunden la entrega de programas sociales de forma personalizada.<\/p>\n\n\n\n<p>Es decir,\nvideos en los que atribuyen como logro de una sola persona, el presidente, y no\nal gobierno de la Rep\u00fablica o una instituci\u00f3n, la entrega de los bienes y\nrecursos de programas sociales. <\/p>\n\n\n\n<p>Las\nconsejeras Claudia Zavala, presidenta de la Comisi\u00f3n de Quejas, y Adriana\nFavela, integrante, aclararon que no se pide suspender ning\u00fan programa social. <\/p>\n\n\n\n<p>\u201cNo se est\u00e1\nsuspendiendo la entrega de ning\u00fan programa social, sino que se haga con el\ncuidado correspondiente para que no se incurra en ning\u00fan tipo de violaci\u00f3n a\nlas restricciones constitucionales. Los programas se tienen que seguir dando,\npero sin caer en promoci\u00f3n personalizada\u201d, sostuvo Favela Herrera. <\/p>\n\n\n\n<p>\u201cLos\nprogramas sociales deben estar alejados de cualquier difusi\u00f3n de un servidor\np\u00fablico en lo personal. Lo que conecta con nuestra materia es la modalidad en\nque se est\u00e1n ejecutando esos programas sociales y es que aparentemente se est\u00e1n\ndando actos propagand\u00edsticos (pues) se hace prevalecer el nombre del\npresidente\u201d, expuso Zavala.<\/p>\n","protected":false},"excerpt":{"rendered":"<p>Redacci\u00f3n\/Zona Roja Cdmx. Ciudad de M\u00e9xico., 16 de agosto de 2019.- El Instituto Nacional Electoral&hellip;<\/p>\n","protected":false},"author":2,"featured_media":3149,"comment_status":"closed","ping_status":"open","sticky":false,"template":"","format":"standard","meta":{"_lmt_disableupdate":"","_lmt_disable":"","_jetpack_memberships_contains_paid_content":false,"footnotes":""},"categories":[109,47],"tags":[565],"class_list":["post-3148","post","type-post","status-publish","format-standard","has-post-thumbnail","hentry","category-minuto-a-minuto","category-zona-gris","tag-servidores-de-la-nacion"],"jetpack_featured_media_url":"https:\/\/zonaroja.com.mx\/wp-content\/uploads\/2019\/08\/Servidores-de-la-naci\u00f3n.jpg","jetpack_sharing_enabled":true,"_links":{"self":[{"href":"https:\/\/zonaroja.com.mx\/index.php?rest_route=\/wp\/v2\/posts\/3148","targetHints":{"allow":["GET"]}}],"collection":[{"href":"https:\/\/zonaroja.com.mx\/index.php?rest_route=\/wp\/v2\/posts"}],"about":[{"href":"https:\/\/zonaroja.com.mx\/index.php?rest_route=\/wp\/v2\/types\/post"}],"author":[{"embeddable":true,"href":"https:\/\/zonaroja.com.mx\/index.php?rest_route=\/wp\/v2\/users\/2"}],"replies":[{"embeddable":true,"href":"https:\/\/zonaroja.com.mx\/index.php?rest_route=%2Fwp%2Fv2%2Fcomments&post=3148"}],"version-history":[{"count":1,"href":"https:\/\/zonaroja.com.mx\/index.php?rest_route=\/wp\/v2\/posts\/3148\/revisions"}],"predecessor-version":[{"id":3150,"href":"https:\/\/zonaroja.com.mx\/index.php?rest_route=\/wp\/v2\/posts\/3148\/revisions\/3150"}],"wp:featuredmedia":[{"embeddable":true,"href":"https:\/\/zonaroja.com.mx\/index.php?rest_route=\/wp\/v2\/media\/3149"}],"wp:attachment":[{"href":"https:\/\/zonaroja.com.mx\/index.php?rest_route=%2Fwp%2Fv2%2Fmedia&parent=3148"}],"wp:term":[{"taxonomy":"category","embeddable":true,"href":"https:\/\/zonaroja.com.mx\/index.php?rest_route=%2Fwp%2Fv2%2Fcategories&post=3148"},{"taxonomy":"post_tag","embeddable":true,"href":"https:\/\/zonaroja.com.mx\/index.php?rest_route=%2Fwp%2Fv2%2Ftags&post=3148"}],"curies":[{"name":"wp","href":"https:\/\/api.w.org\/{rel}","templated":true}]}}