{"id":31481,"date":"2021-08-31T07:58:09","date_gmt":"2021-08-31T12:58:09","guid":{"rendered":"http:\/\/www.zonaroja.com.mx\/?p=31481"},"modified":"2021-08-30T20:14:02","modified_gmt":"2021-08-31T01:14:02","slug":"presenta-poder-judicial-de-oaxaca-alcances-de-sala-constitucional-en-congreso-nacional","status":"publish","type":"post","link":"https:\/\/zonaroja.com.mx\/?p=31481","title":{"rendered":"Presenta Poder Judicial de Oaxaca alcances de Sala Constitucional en Congreso Nacional"},"content":{"rendered":"\n<p>Redacci\u00f3n\/Zona Roja.<\/p>\n\n\n\n<p>Oaxaca de Ju\u00e1rez, Oax., 31 de agosto de 2021.- Al ser Oaxaca una de las entidades del pa\u00eds que cuenta con una Sala Constitucional en el Tribunal Superior de Justicia, el titular del Poder Judicial, magistrado Eduardo Pinacho S\u00e1nchez, fue invitado como ponente al Primer Congreso Nacional Federalismo Judicial \u201cQu\u00e9 le toca a qui\u00e9n\u201d, donde particip\u00f3 en la mesa redonda \u201cControl Constitucional Local\u201d.<\/p>\n\n\n\n<p>En la reforma en materia de derechos humanos de 2011 se sembr\u00f3 la semilla de una protecci\u00f3n m\u00e1s amplia de los derechos humanos; de ah\u00ed que el control constitucional tiene como principal objetivo invalidar todos aquellos actos y normas que sean contrarios a la Constituci\u00f3n Pol\u00edtica de los Estados Unidos Mexicanos, a fin de mantener a los poderes pol\u00edticos dentro de los l\u00edmites de sus atribuciones.<\/p>\n\n\n\n<p>En este sentido, durante la mesa redonda en la cual intervinieron tambi\u00e9n el consejero de la Judicatura del Estado de M\u00e9xico, Ra\u00fal Aar\u00f3n Romero Ortega, y el catedr\u00e1tico del Instituto Tecnol\u00f3gico Aut\u00f3nomo de M\u00e9xico (ITAM), Luis Enrique Pereda Trejo, el magistrado Pinacho S\u00e1nchez comparti\u00f3 la experiencia, beneficios y buenas pr\u00e1cticas alcanzadas por esa instancia que garantiza la dignidad, las libertades y los derechos fundamentales de las personas, consagrados en la Constituci\u00f3n y en Tratados internacionales.<\/p>\n\n\n\n<p>Afirm\u00f3 que es tiempo de pasar del reconocimiento a la protecci\u00f3n de los derechos humanos a trav\u00e9s de las garant\u00edas constitucionales; por lo que consider\u00f3 que en la entidad la creaci\u00f3n de la Sala Constitucional, en el a\u00f1o 2013, represent\u00f3 un paso significativo en este tema.<\/p>\n\n\n\n<p>Ante los asistentes que acudieron de manera presencial al Aula Magna \u201cGustavo Barrera Graf\u201d de la Escuela Judicial del Poder Judicial del Estado de M\u00e9xico, con sede en Toluca, y a trav\u00e9s en las transmisiones en redes sociales que llegaron a cerca de tres mil personas, resalt\u00f3 que la realidad de Oaxaca es diferente a otras entidades por su diversidad pluri\u00e9tnica y cosmovisi\u00f3n; de ah\u00ed que en todo momento el Poder Judicial rige sus actividades con una perspectiva intercultural.<\/p>\n\n\n\n<p>Los ponentes coincidieron en que el constitucionalismo local requiere fortalecerse, por lo que es necesario difundir el quehacer de las salas constitucionales y tambi\u00e9n consolidar los ordenamientos locales de cada entidad, pues en muchas ocasiones estas no son conocidas, ni por los abogados, ni la ciudadan\u00eda.<\/p>\n\n\n\n<p>El Primer Congreso Nacional Federalismo Judicial \u201cQu\u00e9 le toca a qui\u00e9n\u201d, fue organizado por el Poder Judicial del Estado de M\u00e9xico, durante tres d\u00edas, y cont\u00f3 como ponentes a ministros de la Suprema Corte de Justicia de la Naci\u00f3n, activos y en retiro; acad\u00e9micos abogados, consultores independientes, jueces y magistrados. La mesa redonda completa se encuentra disponible en la p\u00e1gina de Facebook PoderJudicialEdomex.<\/p>\n","protected":false},"excerpt":{"rendered":"<p>Redacci\u00f3n\/Zona Roja. Oaxaca de Ju\u00e1rez, Oax., 31 de agosto de 2021.- Al ser Oaxaca una&hellip;<\/p>\n","protected":false},"author":2,"featured_media":31482,"comment_status":"closed","ping_status":"open","sticky":false,"template":"","format":"standard","meta":{"_lmt_disableupdate":"","_lmt_disable":"","_jetpack_memberships_contains_paid_content":false,"footnotes":""},"categories":[109,46],"tags":[223],"class_list":["post-31481","post","type-post","status-publish","format-standard","has-post-thumbnail","hentry","category-minuto-a-minuto","category-zona-blanca","tag-poder-judicial-de-oaxaca"],"jetpack_featured_media_url":"https:\/\/zonaroja.com.mx\/wp-content\/uploads\/2021\/08\/Congreso-Nacional-Federalismo-Judicial.jpg","jetpack_sharing_enabled":true,"_links":{"self":[{"href":"https:\/\/zonaroja.com.mx\/index.php?rest_route=\/wp\/v2\/posts\/31481","targetHints":{"allow":["GET"]}}],"collection":[{"href":"https:\/\/zonaroja.com.mx\/index.php?rest_route=\/wp\/v2\/posts"}],"about":[{"href":"https:\/\/zonaroja.com.mx\/index.php?rest_route=\/wp\/v2\/types\/post"}],"author":[{"embeddable":true,"href":"https:\/\/zonaroja.com.mx\/index.php?rest_route=\/wp\/v2\/users\/2"}],"replies":[{"embeddable":true,"href":"https:\/\/zonaroja.com.mx\/index.php?rest_route=%2Fwp%2Fv2%2Fcomments&post=31481"}],"version-history":[{"count":1,"href":"https:\/\/zonaroja.com.mx\/index.php?rest_route=\/wp\/v2\/posts\/31481\/revisions"}],"predecessor-version":[{"id":31483,"href":"https:\/\/zonaroja.com.mx\/index.php?rest_route=\/wp\/v2\/posts\/31481\/revisions\/31483"}],"wp:featuredmedia":[{"embeddable":true,"href":"https:\/\/zonaroja.com.mx\/index.php?rest_route=\/wp\/v2\/media\/31482"}],"wp:attachment":[{"href":"https:\/\/zonaroja.com.mx\/index.php?rest_route=%2Fwp%2Fv2%2Fmedia&parent=31481"}],"wp:term":[{"taxonomy":"category","embeddable":true,"href":"https:\/\/zonaroja.com.mx\/index.php?rest_route=%2Fwp%2Fv2%2Fcategories&post=31481"},{"taxonomy":"post_tag","embeddable":true,"href":"https:\/\/zonaroja.com.mx\/index.php?rest_route=%2Fwp%2Fv2%2Ftags&post=31481"}],"curies":[{"name":"wp","href":"https:\/\/api.w.org\/{rel}","templated":true}]}}