{"id":31484,"date":"2021-08-30T21:04:53","date_gmt":"2021-08-31T02:04:53","guid":{"rendered":"http:\/\/www.zonaroja.com.mx\/?p=31484"},"modified":"2021-08-30T21:04:55","modified_gmt":"2021-08-31T02:04:55","slug":"ante-nulas-respuestas-seccion-35-exige-remocion-inmediata-de-secretario-de-salud","status":"publish","type":"post","link":"https:\/\/zonaroja.com.mx\/?p=31484","title":{"rendered":"Ante nulas respuestas, Secci\u00f3n 35 exige remoci\u00f3n inmediata de secretario de Salud"},"content":{"rendered":"\n<p>Ismael Garc\u00eda M.\/Zona Roja.<\/p>\n\n\n\n<p>Oaxaca de Ju\u00e1rez, Oax., 30 de agosto de 2021.- Ante la indiferencia del funcionario y las nulas respuestas al pliego petitorio, la Secci\u00f3n 35 del Sindicato Nacional de Trabajadores de la Secretar\u00eda de Salud acord\u00f3 hoy pedir al gobernador Alejandro Murat la remoci\u00f3n inmediata del secretario Juan Carlos M\u00e1rquez Heine.<\/p>\n\n\n\n<p>Ello tras una reuni\u00f3n encabezada por el titular de los Servicios de Salud de Oaxaca (SSO) con la dirigencia sindical y delegados, para dar seguimiento a los acuerdos alcanzados con el titular del Poder Ejecutivo estatal el pasado 18 de agosto.<\/p>\n\n\n\n<p>El funcionario acudi\u00f3 \u201csin presentar avances significativos ni respuestas satisfactorias a nuestras peticiones, por lo que en unanimidad decidimos trasladarnos al auditorio de nuestra secci\u00f3n sindical, donde instalados en reuni\u00f3n y despu\u00e9s de la participaci\u00f3n de diferentes integrantes de la estructura sindical, se tomaron acuerdos\u201d.<\/p>\n\n\n\n<p>Entre \u00e9stos destacan \u201cSe solicita al Gobernador del Estado la remoci\u00f3n inmediata del Dr. Juan Carlos M\u00e1rquez Heine como secretario de Salud y director general de los Servicios de Salud de Oaxaca, ante la falta de seguimiento y respuesta a la problem\u00e1tica existente\u201d.<\/p>\n\n\n\n<p>Asimismo, se les informe a los sindicalizados a trav\u00e9s de un documento, sobre la certeza financiera del 30 por ciento de aportaci\u00f3n solidaria estatal y las prestaciones del personal regularizado formalizado.<\/p>\n\n\n\n<p>Exigen la revisi\u00f3n de 53 plazas las cuales fueron otorgadas por asignaci\u00f3n directa y de manera irregular; alto al cese de personal eventual y reinstalaci\u00f3n inmediata de quienes ya fueron notificados.<\/p>\n\n\n\n<p>Igualmente, que los SSO emita oficio donde se informe a la poblaci\u00f3n en general sobre el cese de personal eventual, de limpieza y vigilancia, haciendo referencia que por la falta de este personal se est\u00e1n afectando los servicios que se otorga al p\u00fablico, deslindando de toda responsabilidad a los trabajadores.<\/p>\n\n\n\n<p>Adem\u00e1s, la dirigencia sindical demanda una reuni\u00f3n con el gobernador Alejandro Murat.<\/p>\n","protected":false},"excerpt":{"rendered":"<p>Ismael Garc\u00eda M.\/Zona Roja. Oaxaca de Ju\u00e1rez, Oax., 30 de agosto de 2021.- Ante la&hellip;<\/p>\n","protected":false},"author":2,"featured_media":31485,"comment_status":"closed","ping_status":"open","sticky":false,"template":"","format":"standard","meta":{"_lmt_disableupdate":"","_lmt_disable":"","_jetpack_memberships_contains_paid_content":false,"footnotes":""},"categories":[109,47],"tags":[1701,1005],"class_list":["post-31484","post","type-post","status-publish","format-standard","has-post-thumbnail","hentry","category-minuto-a-minuto","category-zona-gris","tag-juan-carlos-marquez-heine","tag-servicios-de-salud-de-oaxaca-sso"],"jetpack_featured_media_url":"https:\/\/zonaroja.com.mx\/wp-content\/uploads\/2021\/08\/Oficio-Seccion-35-renuncia-sSo.jpg","jetpack_sharing_enabled":true,"_links":{"self":[{"href":"https:\/\/zonaroja.com.mx\/index.php?rest_route=\/wp\/v2\/posts\/31484","targetHints":{"allow":["GET"]}}],"collection":[{"href":"https:\/\/zonaroja.com.mx\/index.php?rest_route=\/wp\/v2\/posts"}],"about":[{"href":"https:\/\/zonaroja.com.mx\/index.php?rest_route=\/wp\/v2\/types\/post"}],"author":[{"embeddable":true,"href":"https:\/\/zonaroja.com.mx\/index.php?rest_route=\/wp\/v2\/users\/2"}],"replies":[{"embeddable":true,"href":"https:\/\/zonaroja.com.mx\/index.php?rest_route=%2Fwp%2Fv2%2Fcomments&post=31484"}],"version-history":[{"count":1,"href":"https:\/\/zonaroja.com.mx\/index.php?rest_route=\/wp\/v2\/posts\/31484\/revisions"}],"predecessor-version":[{"id":31486,"href":"https:\/\/zonaroja.com.mx\/index.php?rest_route=\/wp\/v2\/posts\/31484\/revisions\/31486"}],"wp:featuredmedia":[{"embeddable":true,"href":"https:\/\/zonaroja.com.mx\/index.php?rest_route=\/wp\/v2\/media\/31485"}],"wp:attachment":[{"href":"https:\/\/zonaroja.com.mx\/index.php?rest_route=%2Fwp%2Fv2%2Fmedia&parent=31484"}],"wp:term":[{"taxonomy":"category","embeddable":true,"href":"https:\/\/zonaroja.com.mx\/index.php?rest_route=%2Fwp%2Fv2%2Fcategories&post=31484"},{"taxonomy":"post_tag","embeddable":true,"href":"https:\/\/zonaroja.com.mx\/index.php?rest_route=%2Fwp%2Fv2%2Ftags&post=31484"}],"curies":[{"name":"wp","href":"https:\/\/api.w.org\/{rel}","templated":true}]}}