{"id":31487,"date":"2021-08-30T21:58:49","date_gmt":"2021-08-31T02:58:49","guid":{"rendered":"http:\/\/www.zonaroja.com.mx\/?p=31487"},"modified":"2021-08-30T21:58:53","modified_gmt":"2021-08-31T02:58:53","slug":"vacunas-contra-covid-han-generado-reacciones-en-1068-personas-23-graves","status":"publish","type":"post","link":"https:\/\/zonaroja.com.mx\/?p=31487","title":{"rendered":"Vacunas contra Covid han generado reacciones en 1,068 personas; 23 graves"},"content":{"rendered":"\n<p>Redacci\u00f3n\/Zona Roja.<\/p>\n\n\n\n<p>Oaxaca de Ju\u00e1rez, Oax, 30 de agosto de 2021.- La dependencia Servicios de Salud de Oaxaca (SSO) report\u00f3 hoy 233 nuevos casos Covid-19, para un total de 66 mil 988 acumulados para este 30 de agosto. En tanto, la pandemia contin\u00faa activa en 181 municipios, con un global de mil 965 contagios.<\/p>\n\n\n\n<p>Adem\u00e1s, este lunes se registraron 20 defunciones por la enfermedad respiratoria, para acumular cuatro mil 603 decesos desde que inicio la pandemia en Oaxaca.<\/p>\n\n\n\n<p>Agreg\u00f3 que para el corte del d\u00eda de hoy, se cuantificaron 56 municipios con la presencia de casos nuevos, principalmente: Oaxaca de Ju\u00e1rez con 79 contagios, Heroica Ciudad de Huajuapan de Le\u00f3n y Salina Cruz con 16, cada uno, Santa Cruz Xoxocotl\u00e1n con 15, as\u00ed como Heroica Ciudad de Juchit\u00e1n de Zaragoza y Santa Luc\u00eda del Camino con ocho, respectivamente.<\/p>\n\n\n\n<p>Subray\u00f3 que en las \u00faltimas 24 horas se hospitalizaron a 17 nuevos pacientes, hay 15 nosocomios con una ocupaci\u00f3n del 100 por ciento, se cuenta con 135 camas disponibles de un total de 493; la Mixteca present\u00f3 una saturaci\u00f3n del 85.3 por ciento, seguido de Valles Centrales con 85 por ciento, Tuxtepec con 62.7 por ciento, Istmo con 59.8 por ciento, Costa con 57.4 por ciento y Sierra 0 por ciento, para un total de 72.6 por ciento de ocupaci\u00f3n general.<\/p>\n\n\n\n<p>Seg\u00fan el informe de casos positivos, la dependencia resalt\u00f3 que la Jurisdicci\u00f3n Sanitaria de Valles Centrales, report\u00f3 40 mil 869 confirmados 873 activos y dos mil 088 decesos; Istmo ocho mil 710 casos, 543 activos y 981 muertes; Tuxtepec cuatro mil 711 positivos, 208 activos y 439 defunciones; Costa cinco mil 033 contagios, 155 activos y 393 fallecimientos; Mixteca cinco 419 casos, 104 activos y 456 muertes; Sierra dos mil 246 casos, 82 activos y 246 decesos.<\/p>\n\n\n\n<figure class=\"wp-block-embed-twitter wp-block-embed is-type-rich is-provider-twitter\"><div class=\"wp-block-embed__wrapper\">\n<div class=\"twitter-tweet\"><blockquote class=\"twitter-tweet\" data-lang=\"es\"><p lang=\"es\" dir=\"ltr\"><a href=\"https:\/\/twitter.com\/hashtag\/%C3%9AltimoMinuto?src=hash&amp;ref_src=twsrc%5Etfw\">#\u00daltimoMinuto<\/a><br>En <a href=\"https:\/\/twitter.com\/hashtag\/Oaxaca?src=hash&amp;ref_src=twsrc%5Etfw\">#Oaxaca<\/a>, este lunes los Servicios de Salud reportaron 233 casos positivos a Covid, con lo que se acumulan 66 mil 988 casos confirmados.<br>Asimismo, 20 decesos, para un total de 4 mil 603 muertes.<br>Hay 15 nosocomios saturados; ocupaci\u00f3n hospitalaria al 72.6%. <a href=\"https:\/\/t.co\/yqiJbk3jOh\">pic.twitter.com\/yqiJbk3jOh<\/a><\/p>&mdash; Zona Roja Oaxaca (@Zona_Roja_Oax) <a href=\"https:\/\/twitter.com\/Zona_Roja_Oax\/status\/1432512894655242250?ref_src=twsrc%5Etfw\">31 de agosto de 2021<\/a><\/blockquote><\/div>\n<\/div><\/figure>\n\n\n\n<p>Sobre los Eventos Supuestamente Atribuibles a la Vacunaci\u00f3n o Inmunizaci\u00f3n (ESAVI), al corte de este lunes, la instituci\u00f3n precis\u00f3 que respecto a la farmac\u00e9utica de Pfizer-BioNTech se presentaron 687 notificaciones, 13 de ellos graves; de la empresa AstraZeneca 257 casos, de esta cifra uno fue de gravedad; en relaci\u00f3n a las dosis Sinovac se cuantificaron 56 casos, cuatro de ellos graves; y de CanSino Biologics se contabilizaron 68 casos, de los cuales cinco fueron graves.<\/p>\n\n\n\n<p>Por otra parte, ante el retorno a clases presenciales y el inicio del ciclo escolar 2021-2022, los Servicios de Salud de Oaxaca (SSO), recomiendan a la poblaci\u00f3n, informar a los menores de edad sobre la importancia de aplicar en todo momento las medidas de protecci\u00f3n dentro de los centros escolares para evitar el riesgo de contagios por COVID-19.<\/p>\n\n\n\n<p>Explicaron que la detecci\u00f3n de casos debe iniciar con la observaci\u00f3n en casa, y los padres y madres de familia o tutores, deben monitorear la salud de sus hijas e hijos. En caso de detectar alg\u00fan s\u00edntoma pidieron no llevarlos a la escuela, adem\u00e1s recomendaron evitar las aglomeraciones durante la entrada, salida y recesos de estudiantes, as\u00ed tambi\u00e9n en los ba\u00f1os a la hora de ir a lavarse las manos.<\/p>\n","protected":false},"excerpt":{"rendered":"<p>Redacci\u00f3n\/Zona Roja. Oaxaca de Ju\u00e1rez, Oax, 30 de agosto de 2021.- La dependencia Servicios de&hellip;<\/p>\n","protected":false},"author":2,"featured_media":31488,"comment_status":"closed","ping_status":"open","sticky":false,"template":"","format":"standard","meta":{"_lmt_disableupdate":"","_lmt_disable":"","_jetpack_memberships_contains_paid_content":false,"footnotes":""},"categories":[109,47],"tags":[1005],"class_list":["post-31487","post","type-post","status-publish","format-standard","has-post-thumbnail","hentry","category-minuto-a-minuto","category-zona-gris","tag-servicios-de-salud-de-oaxaca-sso"],"jetpack_featured_media_url":"https:\/\/zonaroja.com.mx\/wp-content\/uploads\/2021\/08\/30-de-agosto-de-2021.-Comunicado-Te\u0301cnico-.jpg","jetpack_sharing_enabled":true,"_links":{"self":[{"href":"https:\/\/zonaroja.com.mx\/index.php?rest_route=\/wp\/v2\/posts\/31487","targetHints":{"allow":["GET"]}}],"collection":[{"href":"https:\/\/zonaroja.com.mx\/index.php?rest_route=\/wp\/v2\/posts"}],"about":[{"href":"https:\/\/zonaroja.com.mx\/index.php?rest_route=\/wp\/v2\/types\/post"}],"author":[{"embeddable":true,"href":"https:\/\/zonaroja.com.mx\/index.php?rest_route=\/wp\/v2\/users\/2"}],"replies":[{"embeddable":true,"href":"https:\/\/zonaroja.com.mx\/index.php?rest_route=%2Fwp%2Fv2%2Fcomments&post=31487"}],"version-history":[{"count":1,"href":"https:\/\/zonaroja.com.mx\/index.php?rest_route=\/wp\/v2\/posts\/31487\/revisions"}],"predecessor-version":[{"id":31489,"href":"https:\/\/zonaroja.com.mx\/index.php?rest_route=\/wp\/v2\/posts\/31487\/revisions\/31489"}],"wp:featuredmedia":[{"embeddable":true,"href":"https:\/\/zonaroja.com.mx\/index.php?rest_route=\/wp\/v2\/media\/31488"}],"wp:attachment":[{"href":"https:\/\/zonaroja.com.mx\/index.php?rest_route=%2Fwp%2Fv2%2Fmedia&parent=31487"}],"wp:term":[{"taxonomy":"category","embeddable":true,"href":"https:\/\/zonaroja.com.mx\/index.php?rest_route=%2Fwp%2Fv2%2Fcategories&post=31487"},{"taxonomy":"post_tag","embeddable":true,"href":"https:\/\/zonaroja.com.mx\/index.php?rest_route=%2Fwp%2Fv2%2Ftags&post=31487"}],"curies":[{"name":"wp","href":"https:\/\/api.w.org\/{rel}","templated":true}]}}