{"id":31490,"date":"2021-08-31T07:38:57","date_gmt":"2021-08-31T12:38:57","guid":{"rendered":"http:\/\/www.zonaroja.com.mx\/?p=31490"},"modified":"2021-08-31T07:39:00","modified_gmt":"2021-08-31T12:39:00","slug":"y-ahora-variante-lambda-del-covid-amenaza-a-oaxaca","status":"publish","type":"post","link":"https:\/\/zonaroja.com.mx\/?p=31490","title":{"rendered":"Y ahora variante Lambda del Covid amenaza a Oaxaca"},"content":{"rendered":"\n<p>Redacci\u00f3n\/Zona Roja.<\/p>\n\n\n\n<p>Oaxaca de Ju\u00e1rez, Oax., 31 de agosto de 2021.- A las 13 variantes de Covid-19 que registra Oaxaca se sum\u00f3 Lambda, con una persona contagiada, reconoci\u00f3 la dependencia Servicios de Salud.<\/p>\n\n\n\n<p>Esta nueva mutaci\u00f3n del virus lleg\u00f3 la semana pasada al estado de Colima y se contin\u00faa expandiendo en M\u00e9xico, que ya suma 189 casos.<\/p>\n\n\n\n<p>La variante Lambda del coronavirus se detect\u00f3 por primera vez el a\u00f1o pasado en Per\u00fa.<\/p>\n\n\n\n<p>La Organizaci\u00f3n Mundial de la Salud (OMS) la catalog\u00f3 como una variante de inter\u00e9s, es decir, no hay indicios de que se pueda volver dominante, a diferencia de las variantes preocupantes (Alfa, Beta, Gamma y Delta). Actualmente, esta variante tiene presencia en 40 pa\u00edses.<\/p>\n\n\n\n<p>La Organizaci\u00f3n Panamericana de la Salud (OPS) se\u00f1ala que no existe evidencia de comportamiento agresivo o severo, pero es posible que posea una capacidad de transmisi\u00f3n aumentada.<\/p>\n\n\n\n<p>Adem\u00e1s, la incubaci\u00f3n del virus se realiza en menos tiempo, en comparaci\u00f3n con las primeras variantes; sin embargo, las pruebas sobre esta variante son limitadas y se necesita realizar m\u00e1s estudios para poder confirmar la informaci\u00f3n.<\/p>\n\n\n\n<p>Ayer, en entrevista colectiva, el titular de los Servicios de Salud de Oaxaca, Juan Carlos M\u00e1rquez Heine, confirm\u00f3 un caso de Lambda en la entidad.<\/p>\n\n\n\n<p>No obstante, matiz\u00f3 que hasta el momento no hay indicios de que sea de mayor letalidad ni de acelerado proceso de contagio.<\/p>\n\n\n\n<p>Pidi\u00f3 a la poblaci\u00f3n en general tomar las previsiones que se han recomendado con el Covid-19 en general, como son el lavado frecuente de manos, el uso de gel antibacterial y el cubreboca as\u00ed como el distanciamiento social.<\/p>\n\n\n\n<p>Acept\u00f3 que Lambda junto con Delta podr\u00edan ser las variantes con mayor presencia en la entidad.<\/p>\n\n\n\n<p>LAS VARIANTES<\/p>\n\n\n\n<p>De acuerdo con la dependencia estatal, adem\u00e1s de Lambda, el estado registra a la fecha 13 variantes de la Covid-19, presentes en las seis Jurisdicciones Sanitarias de la entidad, entre ellas Delta, la B.1.1.519, B.1, B.1.2, B.1.1.432, B.1.301, B.1.1.222, B.1.427 y B.1.429 (Epsilon), P.1, B.1.1.7 (Alfa), P.4, B.1.617.2 y la C.37.<\/p>\n\n\n\n<p>Son la B.1.617.2 (Delta), la B.1.1.7 (Alfa) y P.1 (Gamma) de acuerdo con la Organizaci\u00f3n Mundial de la Salud (OMS) las de mayor inter\u00e9s epidemiol\u00f3gico debido a su alta transmisibilidad, virulencia y adem\u00e1s, tienen la capacidad de generar brotes m\u00e1s grandes en menos tiempo.<\/p>\n","protected":false},"excerpt":{"rendered":"<p>Redacci\u00f3n\/Zona Roja. Oaxaca de Ju\u00e1rez, Oax., 31 de agosto de 2021.- A las 13 variantes&hellip;<\/p>\n","protected":false},"author":2,"featured_media":31491,"comment_status":"closed","ping_status":"open","sticky":false,"template":"","format":"standard","meta":{"_lmt_disableupdate":"","_lmt_disable":"","_jetpack_memberships_contains_paid_content":false,"footnotes":""},"categories":[109,47],"tags":[1512],"class_list":["post-31490","post","type-post","status-publish","format-standard","has-post-thumbnail","hentry","category-minuto-a-minuto","category-zona-gris","tag-coronavirus-oaxaca"],"jetpack_featured_media_url":"https:\/\/zonaroja.com.mx\/wp-content\/uploads\/2021\/08\/Variante-Lambda-Oaxaca.jpg","jetpack_sharing_enabled":true,"_links":{"self":[{"href":"https:\/\/zonaroja.com.mx\/index.php?rest_route=\/wp\/v2\/posts\/31490","targetHints":{"allow":["GET"]}}],"collection":[{"href":"https:\/\/zonaroja.com.mx\/index.php?rest_route=\/wp\/v2\/posts"}],"about":[{"href":"https:\/\/zonaroja.com.mx\/index.php?rest_route=\/wp\/v2\/types\/post"}],"author":[{"embeddable":true,"href":"https:\/\/zonaroja.com.mx\/index.php?rest_route=\/wp\/v2\/users\/2"}],"replies":[{"embeddable":true,"href":"https:\/\/zonaroja.com.mx\/index.php?rest_route=%2Fwp%2Fv2%2Fcomments&post=31490"}],"version-history":[{"count":1,"href":"https:\/\/zonaroja.com.mx\/index.php?rest_route=\/wp\/v2\/posts\/31490\/revisions"}],"predecessor-version":[{"id":31492,"href":"https:\/\/zonaroja.com.mx\/index.php?rest_route=\/wp\/v2\/posts\/31490\/revisions\/31492"}],"wp:featuredmedia":[{"embeddable":true,"href":"https:\/\/zonaroja.com.mx\/index.php?rest_route=\/wp\/v2\/media\/31491"}],"wp:attachment":[{"href":"https:\/\/zonaroja.com.mx\/index.php?rest_route=%2Fwp%2Fv2%2Fmedia&parent=31490"}],"wp:term":[{"taxonomy":"category","embeddable":true,"href":"https:\/\/zonaroja.com.mx\/index.php?rest_route=%2Fwp%2Fv2%2Fcategories&post=31490"},{"taxonomy":"post_tag","embeddable":true,"href":"https:\/\/zonaroja.com.mx\/index.php?rest_route=%2Fwp%2Fv2%2Ftags&post=31490"}],"curies":[{"name":"wp","href":"https:\/\/api.w.org\/{rel}","templated":true}]}}