{"id":31495,"date":"2021-08-31T08:02:04","date_gmt":"2021-08-31T13:02:04","guid":{"rendered":"http:\/\/www.zonaroja.com.mx\/?p=31495"},"modified":"2021-08-31T08:02:17","modified_gmt":"2021-08-31T13:02:17","slug":"agobian-asaltos-a-la-ciudad-de-oaxaca-ante-ausencia-de-policias","status":"publish","type":"post","link":"https:\/\/zonaroja.com.mx\/?p=31495","title":{"rendered":"Agobian asaltos a la ciudad de Oaxaca, ante ausencia de polic\u00edas"},"content":{"rendered":"\n<p>Redacci\u00f3n\/Zona Roja.<\/p>\n\n\n\n<p>Oaxaca de Ju\u00e1rez, Oax., 31 de agosto de 2021.- Ante la nula presencia de polic\u00edas en la ciudad de Oaxaca, los robos a comercios y viviendas se han incrementado, incluso en zonas residenciales como San Felipe del Agua y la colonia Reforma.<\/p>\n\n\n\n<p>Apenas el pasado domingo, se perpetr\u00f3 un cuantioso hurto en un domicilio de la calle Catalina, en el fraccionamiento Consuelo Ruiz, de San Felipe del Agua, presuntamente de un funcionario estatal, por parte de una banda de presuntos colombianos.<\/p>\n\n\n\n<p>Asimismo, de acuerdo con videos de c\u00e1maras de vigilancia domiciliarias, utilizaron una camioneta marca KIA, color gris, con placas TLZ-8824 del estado de<\/p>\n\n\n\n<p>Oaxaca, donde se llevaron el bot\u00edn, entre joyas, dinero y otros art\u00edculos de valor.<\/p>\n\n\n\n<p>Tras ello, la Secretar\u00eda de Seguridad P\u00fablica de Oaxaca reforz\u00f3 la vigilancia en la zona y logr\u00f3 la detenci\u00f3n de al menos cinco sujetos como probables responsables.<\/p>\n","protected":false},"excerpt":{"rendered":"<p>Redacci\u00f3n\/Zona Roja. Oaxaca de Ju\u00e1rez, Oax., 31 de agosto de 2021.- Ante la nula presencia&hellip;<\/p>\n","protected":false},"author":2,"featured_media":31496,"comment_status":"closed","ping_status":"open","sticky":false,"template":"","format":"standard","meta":{"_lmt_disableupdate":"","_lmt_disable":"","_jetpack_memberships_contains_paid_content":false,"footnotes":""},"categories":[109,47],"tags":[148],"class_list":["post-31495","post","type-post","status-publish","format-standard","has-post-thumbnail","hentry","category-minuto-a-minuto","category-zona-gris","tag-oaxaca-de-juarez"],"jetpack_featured_media_url":"https:\/\/zonaroja.com.mx\/wp-content\/uploads\/2021\/08\/Asalto-San-Felipe-del-Agua.jpg","jetpack_sharing_enabled":true,"_links":{"self":[{"href":"https:\/\/zonaroja.com.mx\/index.php?rest_route=\/wp\/v2\/posts\/31495","targetHints":{"allow":["GET"]}}],"collection":[{"href":"https:\/\/zonaroja.com.mx\/index.php?rest_route=\/wp\/v2\/posts"}],"about":[{"href":"https:\/\/zonaroja.com.mx\/index.php?rest_route=\/wp\/v2\/types\/post"}],"author":[{"embeddable":true,"href":"https:\/\/zonaroja.com.mx\/index.php?rest_route=\/wp\/v2\/users\/2"}],"replies":[{"embeddable":true,"href":"https:\/\/zonaroja.com.mx\/index.php?rest_route=%2Fwp%2Fv2%2Fcomments&post=31495"}],"version-history":[{"count":1,"href":"https:\/\/zonaroja.com.mx\/index.php?rest_route=\/wp\/v2\/posts\/31495\/revisions"}],"predecessor-version":[{"id":31497,"href":"https:\/\/zonaroja.com.mx\/index.php?rest_route=\/wp\/v2\/posts\/31495\/revisions\/31497"}],"wp:featuredmedia":[{"embeddable":true,"href":"https:\/\/zonaroja.com.mx\/index.php?rest_route=\/wp\/v2\/media\/31496"}],"wp:attachment":[{"href":"https:\/\/zonaroja.com.mx\/index.php?rest_route=%2Fwp%2Fv2%2Fmedia&parent=31495"}],"wp:term":[{"taxonomy":"category","embeddable":true,"href":"https:\/\/zonaroja.com.mx\/index.php?rest_route=%2Fwp%2Fv2%2Fcategories&post=31495"},{"taxonomy":"post_tag","embeddable":true,"href":"https:\/\/zonaroja.com.mx\/index.php?rest_route=%2Fwp%2Fv2%2Ftags&post=31495"}],"curies":[{"name":"wp","href":"https:\/\/api.w.org\/{rel}","templated":true}]}}