{"id":31508,"date":"2021-08-31T10:48:42","date_gmt":"2021-08-31T15:48:42","guid":{"rendered":"http:\/\/www.zonaroja.com.mx\/?p=31508"},"modified":"2021-08-31T10:48:49","modified_gmt":"2021-08-31T15:48:49","slug":"el-colectivo-violencia-por-ser-mujer-pide-respeto-a-su-movimiento","status":"publish","type":"post","link":"https:\/\/zonaroja.com.mx\/?p=31508","title":{"rendered":"El Colectivo Violencia por ser Mujer pide respeto a su movimiento"},"content":{"rendered":"\n<p>Redacci\u00f3n\/Zona Roja.<\/p>\n\n\n\n<p>Oaxaca de Ju\u00e1rez, Oax., 31 de agosto de 2021.- La asociaci\u00f3n civil Colectivo Violencia por ser Mujer, pidi\u00f3 respeto a su lucha por la defensa de las femeninas y los sectores m\u00e1s vulnerables de la sociedad.<\/p>\n\n\n\n<p>La organizaci\u00f3n ha realizado al menos tres movilizaciones en la capital oaxaque\u00f1a, para exigir justicia tambi\u00e9n por mujeres y menores de edad que han sufrido violencia por parte de las instituciones, incluyendo la Fiscal\u00eda General del Estado de Oaxaca.<\/p>\n\n\n\n<p>As\u00ed lo se\u00f1alaron la semana pasada en que acusaron que durante un cateo a un domicilio, fueron violentadas varias personas y pese a que interpusieron las denuncias correspondientes, no se ha actuado para aplicar justicia.<\/p>\n\n\n\n<p>Pidieron a los medios de comunicaci\u00f3n no desvirtuar su lucha ni descalificar a quienes encabezan ese movimiento, como ha ocurrido en algunos casos.<\/p>\n\n\n\n<p>\u201cLa informaci\u00f3n tergiversada menciona como primer se\u00f1alamiento que el evento realizado por el Colectivo se llev\u00f3 a cabo con el&nbsp; objetivo de pedir la liberaci\u00f3n de una persona privada de su libertad, y que se pretende&nbsp; evitar que se detenga al familiar buscado de una de nuestras compa\u00f1eras.<\/p>\n\n\n\n<p>\u201cQueremos aclarar que el Colectivo Violencia por ser Mujer en ninguna ocasi\u00f3n del pronunciamiento del evento pidi\u00f3 la liberaci\u00f3n de una persona; tampoco se est\u00e1 pretendiendo la no detenci\u00f3n del familiar de una de las compa\u00f1eras.<\/p>\n\n\n\n<p>\u201cQue quede claro, aqu\u00ed las inconformidades est\u00e1n en las violaciones cometidas en los distintos cateos realizados a nuestras compa\u00f1eras y a su familia. S\u00f3lo pedimos un procedimiento llevado acorde a los derechos humanos, respetando igual a los menores que se encuentran con sus padres.<\/p>\n\n\n\n<p>\u201cNos oponemos al hostigamiento, al abuso de las autoridades, al exceso de violencia, a las amedrentaciones contra las mujeres. Este es el tema no hay otro.<\/p>\n\n\n\n<p>Las cortinas de humo son redireccionar una discusi\u00f3n para evitar ciertos temas que no se quieren tocar\u201d, se\u00f1alaron.<\/p>\n","protected":false},"excerpt":{"rendered":"<p>Redacci\u00f3n\/Zona Roja. Oaxaca de Ju\u00e1rez, Oax., 31 de agosto de 2021.- La asociaci\u00f3n civil Colectivo&hellip;<\/p>\n","protected":false},"author":2,"featured_media":31509,"comment_status":"closed","ping_status":"open","sticky":false,"template":"","format":"standard","meta":{"_lmt_disableupdate":"","_lmt_disable":"","_jetpack_memberships_contains_paid_content":false,"footnotes":""},"categories":[109,47],"tags":[2871],"class_list":["post-31508","post","type-post","status-publish","format-standard","has-post-thumbnail","hentry","category-minuto-a-minuto","category-zona-gris","tag-colectivo-violencia-por-ser-mujer"],"jetpack_featured_media_url":"https:\/\/zonaroja.com.mx\/wp-content\/uploads\/2021\/08\/Colectivo-Violencia-por-ser-Mujer-1.jpg","jetpack_sharing_enabled":true,"_links":{"self":[{"href":"https:\/\/zonaroja.com.mx\/index.php?rest_route=\/wp\/v2\/posts\/31508","targetHints":{"allow":["GET"]}}],"collection":[{"href":"https:\/\/zonaroja.com.mx\/index.php?rest_route=\/wp\/v2\/posts"}],"about":[{"href":"https:\/\/zonaroja.com.mx\/index.php?rest_route=\/wp\/v2\/types\/post"}],"author":[{"embeddable":true,"href":"https:\/\/zonaroja.com.mx\/index.php?rest_route=\/wp\/v2\/users\/2"}],"replies":[{"embeddable":true,"href":"https:\/\/zonaroja.com.mx\/index.php?rest_route=%2Fwp%2Fv2%2Fcomments&post=31508"}],"version-history":[{"count":1,"href":"https:\/\/zonaroja.com.mx\/index.php?rest_route=\/wp\/v2\/posts\/31508\/revisions"}],"predecessor-version":[{"id":31510,"href":"https:\/\/zonaroja.com.mx\/index.php?rest_route=\/wp\/v2\/posts\/31508\/revisions\/31510"}],"wp:featuredmedia":[{"embeddable":true,"href":"https:\/\/zonaroja.com.mx\/index.php?rest_route=\/wp\/v2\/media\/31509"}],"wp:attachment":[{"href":"https:\/\/zonaroja.com.mx\/index.php?rest_route=%2Fwp%2Fv2%2Fmedia&parent=31508"}],"wp:term":[{"taxonomy":"category","embeddable":true,"href":"https:\/\/zonaroja.com.mx\/index.php?rest_route=%2Fwp%2Fv2%2Fcategories&post=31508"},{"taxonomy":"post_tag","embeddable":true,"href":"https:\/\/zonaroja.com.mx\/index.php?rest_route=%2Fwp%2Fv2%2Ftags&post=31508"}],"curies":[{"name":"wp","href":"https:\/\/api.w.org\/{rel}","templated":true}]}}