{"id":31512,"date":"2021-08-31T16:51:56","date_gmt":"2021-08-31T21:51:56","guid":{"rendered":"https:\/\/www.zonaroja.com.mx\/?p=31512"},"modified":"2021-08-31T16:51:59","modified_gmt":"2021-08-31T21:51:59","slug":"asegura-murat-que-respeta-sancion-del-tepjf-impulsara-reforma-electoral","status":"publish","type":"post","link":"https:\/\/zonaroja.com.mx\/?p=31512","title":{"rendered":"Asegura Murat que respeta sanci\u00f3n del TEPJF; impulsar\u00e1 reforma electoral"},"content":{"rendered":"\n<p class=\"MsoNormal\">Evlin Arag\u00f3n\/Zona Roja.<\/p>\n\n\n\n<p class=\"MsoNormal\">Oaxaca de Ju\u00e1rez, Oax., 31 de agosto de 2021.- El gobernador de Oaxaca, Alejandro Murat Hinojosa, se dijo respetuoso de la ley, pero se pronunci\u00f3 a favor de una reforma electoral, tal y como lo ha planteado el Presidente de la Rep\u00fablica, Andr\u00e9s Manuel L\u00f3pez Obrador.&nbsp;&nbsp;<\/p>\n\n\n\n<p class=\"MsoNormal\">Lo anterior, al preguntarle con respecto a&nbsp;la sanci\u00f3n que le impuso el Tribunal Electoral del Poder Judicial de la Federaci\u00f3n (TEPJF), misma que dijo no est\u00e1 a la altura de los nuevos tiempos en los que las redes sociales juegan un papel determinante en el quehacer p\u00fablico.&nbsp;&nbsp;<\/p>\n\n\n\n<p class=\"MsoNormal\">\u201cRespetar\u00e1 la ley y la sanci\u00f3n que se me imponga, pero tambi\u00e9n voy a ir a la Ciudad de M\u00e9xico a proponer algunos puntos para una nueva reforma electoral que pueda incorporar estos nuevos criterios a la nueva realidad que vive el mundo y el pa\u00eds\u201d, dijo en entrevista colectiva.&nbsp;&nbsp;<\/p>\n\n\n\n<p class=\"MsoNormal\">Ante la pol\u00e9mica que envuelve actualmente a las y los magistrados del TEPJF, el mandatario oaxaque\u00f1o asegur\u00f3 que ser\u00e1 el Congreso de la Uni\u00f3n el que tendr\u00e1 que actuar en torno a una posible remoci\u00f3n de sus integrantes que se ha planteado, sin embargo, insisti\u00f3 en la necesidad de una reforma en materia electoral.&nbsp;&nbsp;<\/p>\n\n\n\n<p class=\"MsoNormal\">Lo anterior sin demeritar el sistema electoral de M\u00e9xico, que dijo es el mejor del mundo, mismo que debe evaluarse constantemente y ser acompa\u00f1ado con legislaciones acordes a los tiempos modernos&nbsp;&nbsp;<\/p>\n\n\n\n<p class=\"MsoNormal\">\u201cLo que no podemos es estar sumidos en un debate de dimes y diretes porque no estamos de acuerdo con ciertas opiniones. Tenemos que entrar a la reflexi\u00f3n de fondo, M\u00e9xico exige hoy una reflexi\u00f3n de fondo en los temas fundamentales, uno de ellos el de car\u00e1cter electoral\u201d, manifest\u00f3.&nbsp;&nbsp;<\/p>\n\n\n\n<p class=\"MsoNormal\">Finalmente, Murat Hinojosa reiter\u00f3 que respetar\u00e1 la sanci\u00f3n que se le imponga por parte del Congreso del Estado, tras su participaci\u00f3n, en mayo pasado, en un foro privado de la Facultad de Arquitectura de la Universidad \u201cBenito Ju\u00e1rez\u201d de Oaxaca (UABJO),&nbsp;donde se utiliz\u00f3 la plataforma Zoom para la difusi\u00f3n del mismo.&nbsp;&nbsp;<\/p>\n\n\n\n<p class=\"MsoNormal\">Fue el pasado 5 de agosto que la Sala Especializada del Tribunal Electoral del TEPJF resolvi\u00f3 que el gobernador de Oaxaca difundi\u00f3 propaganda gubernamental en periodo prohibido, debido al proceso electoral, e hizo uso indebido de recursos p\u00fablicos.&nbsp;<\/p>\n\n\n\n<p class=\"MsoNormal\">Por lo anterior, se orden\u00f3 remitir copia certificada de la sentencia SRE-PSL-14\/2021 y de las constancias del expediente al Congreso del estado de Oaxaca para que, con base en el marco constitucional y legal que resulta aplicable a dicho \u00f3rgano legislativo, determine la sanci\u00f3n que le resulta aplicable al gobernador. <\/p>\n","protected":false},"excerpt":{"rendered":"<p>Evlin Arag\u00f3n\/Zona Roja. Oaxaca de Ju\u00e1rez, Oax., 31 de agosto de 2021.- El gobernador de&hellip;<\/p>\n","protected":false},"author":2,"featured_media":31511,"comment_status":"closed","ping_status":"open","sticky":false,"template":"","format":"standard","meta":{"_lmt_disableupdate":"","_lmt_disable":"","_jetpack_memberships_contains_paid_content":false,"footnotes":""},"categories":[109,46],"tags":[173],"class_list":["post-31512","post","type-post","status-publish","format-standard","has-post-thumbnail","hentry","category-minuto-a-minuto","category-zona-blanca","tag-alejandro-murat-hinojosa"],"jetpack_featured_media_url":"https:\/\/zonaroja.com.mx\/wp-content\/uploads\/2021\/08\/6054f46b-ea13-4313-a9b2-8ba9108632c0.jpg","jetpack_sharing_enabled":true,"_links":{"self":[{"href":"https:\/\/zonaroja.com.mx\/index.php?rest_route=\/wp\/v2\/posts\/31512","targetHints":{"allow":["GET"]}}],"collection":[{"href":"https:\/\/zonaroja.com.mx\/index.php?rest_route=\/wp\/v2\/posts"}],"about":[{"href":"https:\/\/zonaroja.com.mx\/index.php?rest_route=\/wp\/v2\/types\/post"}],"author":[{"embeddable":true,"href":"https:\/\/zonaroja.com.mx\/index.php?rest_route=\/wp\/v2\/users\/2"}],"replies":[{"embeddable":true,"href":"https:\/\/zonaroja.com.mx\/index.php?rest_route=%2Fwp%2Fv2%2Fcomments&post=31512"}],"version-history":[{"count":1,"href":"https:\/\/zonaroja.com.mx\/index.php?rest_route=\/wp\/v2\/posts\/31512\/revisions"}],"predecessor-version":[{"id":31513,"href":"https:\/\/zonaroja.com.mx\/index.php?rest_route=\/wp\/v2\/posts\/31512\/revisions\/31513"}],"wp:featuredmedia":[{"embeddable":true,"href":"https:\/\/zonaroja.com.mx\/index.php?rest_route=\/wp\/v2\/media\/31511"}],"wp:attachment":[{"href":"https:\/\/zonaroja.com.mx\/index.php?rest_route=%2Fwp%2Fv2%2Fmedia&parent=31512"}],"wp:term":[{"taxonomy":"category","embeddable":true,"href":"https:\/\/zonaroja.com.mx\/index.php?rest_route=%2Fwp%2Fv2%2Fcategories&post=31512"},{"taxonomy":"post_tag","embeddable":true,"href":"https:\/\/zonaroja.com.mx\/index.php?rest_route=%2Fwp%2Fv2%2Ftags&post=31512"}],"curies":[{"name":"wp","href":"https:\/\/api.w.org\/{rel}","templated":true}]}}