{"id":31514,"date":"2021-08-31T18:59:14","date_gmt":"2021-08-31T23:59:14","guid":{"rendered":"https:\/\/www.zonaroja.com.mx\/?p=31514"},"modified":"2021-08-31T19:07:37","modified_gmt":"2021-09-01T00:07:37","slug":"personal-de-confianza-del-ayuntamiento-capitalino-exige-pagos-pendientes","status":"publish","type":"post","link":"https:\/\/zonaroja.com.mx\/?p=31514","title":{"rendered":"Personal de confianza del ayuntamiento capitalino exige pagos pendientes"},"content":{"rendered":"\n<p class=\"MsoNormal\">Evlin Arag\u00f3n\/Zona Roja.&nbsp;<\/p>\n\n\n\n<p class=\"MsoNormal\">Oaxaca de Ju\u00e1rez, Oax.. Personal de confianza y de contrato adscrito al municipio de Oaxaca de Ju\u00e1rez exigi\u00f3 el pago inmediato de la segunda quincena del mes de agosto, adem\u00e1s del aumento salarial 2021 y el retroactivo del enero a julio del a\u00f1o en curso.&nbsp;&nbsp;<\/p>\n\n\n\n<p class=\"MsoNormal\">As\u00ed lo dieron a conocer mediante un documento dirigido al edil capitalino, Oswaldo Garc\u00eda Jarqu\u00edn, a los miembros del Cabildo, la opini\u00f3n p\u00fablica y la Defensor\u00eda de los Derechos Humanos del Pueblo de Oaxaca, en el que exigen tambi\u00e9n el pago de las prestaciones que se otorgan a\u00f1o tras a\u00f1o.&nbsp;<\/p>\n\n\n\n<p class=\"MsoNormal\">Se trata de un aumento del 4.3 por ciento directo al salario y de nueve por ciento por ayuda de vida cara y despensa, mismo que fue autorizado a la base sindical y debe hacerse extensivo al personal de confianza, ello sin dejar de nombrar la nivelaci\u00f3n e igualdad de salario pendiente.&nbsp;&nbsp;<\/p>\n\n\n\n<p class=\"MsoNormal\">De acuerdo con lo expuesto por el personal, la autoridad municipal no cumpli\u00f3 en tiempo y forma con el pago de la m\u00e1s reciente quincena, argumentando que ya no hay dinero en las arcas municipales, y a pesar de que han sido quienes han sacado el trabajo durante la pandemia.&nbsp;&nbsp;<\/p>\n\n\n\n<p class=\"MsoNormal\">\u201cUstedes piensan que no tenemos familia que mantener. Que nos espera para fin de a\u00f1o con nuestros aguinaldos si desde ahora ya se est\u00e1n robando nuestros salarios, no es justo\u201d, refiere el documento.&nbsp;<\/p>\n\n\n\n<p class=\"MsoNormal\">Al edil, que recientemente apareci\u00f3 en un evento p\u00fablico tras una larga ausencia, le reprocharon que a dos a\u00f1os y ocho meses de su administraci\u00f3n no se haya preocupado por el personal de confianza, al cual le debe el aumento salarial que por ley le corresponde, mismo que ya lleva un rezago de cinco a\u00f1os.&nbsp;&nbsp;<\/p>\n\n\n\n<p class=\"MsoNormal\">Por el contrario, minimiza su trabajo y prioriza a personal sindicalizado que lleva m\u00e1s de un a\u00f1o sin presentarse a las oficinas debido a la pandemia, al grado de autorizar nuevas plazas en beneficio de Irma Licona Badillo, Lilia Arango Ib\u00e1\u00f1ez y Lourdes Concepci\u00f3n Aquino Santiago, funcionarias de la administraci\u00f3n actual.&nbsp;&nbsp;<\/p>\n\n\n\n<p class=\"MsoNormal\">\u201cMuchos de nosotros que tenemos bastante antig\u00fcedad no nos han querido dar una base y a ellas por ser jefa las premian d\u00e1ndoles una base de sindicato a uno de sus hijos, desgraciadamente no nos atrevemos a m\u00e1s por miedo a perder nuestro trabajo\u201d, indicaron.&nbsp;&nbsp;<\/p>\n\n\n\n<p class=\"MsoNormal\">Finalmente insistieron en su exigencia de pagos pendientes, dentro de los que se encuentran la segunda quincena del mes de agosto, el aumento salarial, el pago de retroactivo, y la nivelaci\u00f3n e igualdad de salario con respecto al de personal de base.  <\/p>\n","protected":false},"excerpt":{"rendered":"<p>Evlin Arag\u00f3n\/Zona Roja.&nbsp; Oaxaca de Ju\u00e1rez, Oax.. Personal de confianza y de contrato adscrito al&hellip;<\/p>\n","protected":false},"author":2,"featured_media":19043,"comment_status":"closed","ping_status":"open","sticky":false,"template":"","format":"standard","meta":{"_lmt_disableupdate":"","_lmt_disable":"","_jetpack_memberships_contains_paid_content":false,"footnotes":""},"categories":[109,47],"tags":[],"class_list":["post-31514","post","type-post","status-publish","format-standard","has-post-thumbnail","hentry","category-minuto-a-minuto","category-zona-gris"],"jetpack_featured_media_url":"https:\/\/zonaroja.com.mx\/wp-content\/uploads\/2020\/10\/Ayuntamiento-Oaxaca-de-Juarez.jpg","jetpack_sharing_enabled":true,"_links":{"self":[{"href":"https:\/\/zonaroja.com.mx\/index.php?rest_route=\/wp\/v2\/posts\/31514","targetHints":{"allow":["GET"]}}],"collection":[{"href":"https:\/\/zonaroja.com.mx\/index.php?rest_route=\/wp\/v2\/posts"}],"about":[{"href":"https:\/\/zonaroja.com.mx\/index.php?rest_route=\/wp\/v2\/types\/post"}],"author":[{"embeddable":true,"href":"https:\/\/zonaroja.com.mx\/index.php?rest_route=\/wp\/v2\/users\/2"}],"replies":[{"embeddable":true,"href":"https:\/\/zonaroja.com.mx\/index.php?rest_route=%2Fwp%2Fv2%2Fcomments&post=31514"}],"version-history":[{"count":1,"href":"https:\/\/zonaroja.com.mx\/index.php?rest_route=\/wp\/v2\/posts\/31514\/revisions"}],"predecessor-version":[{"id":31515,"href":"https:\/\/zonaroja.com.mx\/index.php?rest_route=\/wp\/v2\/posts\/31514\/revisions\/31515"}],"wp:featuredmedia":[{"embeddable":true,"href":"https:\/\/zonaroja.com.mx\/index.php?rest_route=\/wp\/v2\/media\/19043"}],"wp:attachment":[{"href":"https:\/\/zonaroja.com.mx\/index.php?rest_route=%2Fwp%2Fv2%2Fmedia&parent=31514"}],"wp:term":[{"taxonomy":"category","embeddable":true,"href":"https:\/\/zonaroja.com.mx\/index.php?rest_route=%2Fwp%2Fv2%2Fcategories&post=31514"},{"taxonomy":"post_tag","embeddable":true,"href":"https:\/\/zonaroja.com.mx\/index.php?rest_route=%2Fwp%2Fv2%2Ftags&post=31514"}],"curies":[{"name":"wp","href":"https:\/\/api.w.org\/{rel}","templated":true}]}}