{"id":3152,"date":"2019-08-16T21:28:59","date_gmt":"2019-08-17T02:28:59","guid":{"rendered":"https:\/\/www.zonaroja.com.mx\/?p=3152"},"modified":"2019-08-16T21:29:02","modified_gmt":"2019-08-17T02:29:02","slug":"con-brillanteada-feminista-mujeres-exigen-alto-a-la-violencia-en-su-contra","status":"publish","type":"post","link":"https:\/\/zonaroja.com.mx\/?p=3152","title":{"rendered":"Con \u201cbrillanteada\u201d feminista, mujeres exigen alto a la violencia en su contra"},"content":{"rendered":"<p>Redacci\u00f3n\/Zona Roja<\/p>\n<p>Oaxaca de Ju\u00e1rez, Oax., 16 de agosto de 2019.- Decenas de mujeres se concentraron este viernes en las inmediaciones de la fuente de la Ocho Regiones en la capital de Oaxaca, para replicar el movimiento convocado desde la Ciudad de M\u00e9xico que exige castigo a cuatro polic\u00edas acusados de violar a una joven de 17 de a\u00f1os.<\/p>\n<p>Al grito de \u201cqueremos justicia\u201d el grupo de mujeres inici\u00f3 una marcha hacia las instalaciones de la Secretar\u00eda de las Mujeres de Oaxaca (SMO), para demandar atenci\u00f3n prioritaria a los casos de feminicidios que en la administraci\u00f3n de Alejandro Murat Hinojosa supera los 300 casos.<\/p>\n<p>En el transcurso de la marcha realizaron pintan acusando al estado de feminicida y  de no garantizar la vida de las mujeres, as\u00ed mismo reclamaron su derecho a manifestarse por la calles de la cuidad sin ser criminalizadas.<\/p>\n<p>Al arribo en las instalaciones de la SMO un grupo de manifestante rompi\u00f3 vidrios y realiz\u00f3 pintas a las afueras del inmueble lo que alert\u00f3 a los elementos de la polic\u00eda estatal que \u00fanicamente se quedaron expectantes ante la organizaci\u00f3n de las mujeres que bloque\u00f3 el paso en el cruce de Heroica Escuela Naval Militar y Emilio Carranza, en la colonia Reforma.<\/p>\n<p>Durante su protesta realizaron el pase de lista de las m\u00e1s de 300 mujeres asesinadas en los \u00faltimos tres a\u00f1os, y realizaron pintas en la vialidad mientras emprendieron su camino al z\u00f3calo para concluir su protesta y su exigencia de justicia.<\/p>\n<p>El pasado lunes un grupo de feministas de la Ciudad de M\u00e9xico protest\u00f3 a los afueras de la Secretaria de Seguridad P\u00fablica, la accion que incluy\u00f3 lazarle brillantina al titular de la dependencia, Jes\u00fas Orta y destrozos en las oficinas, ocasion\u00f3 que se calificara de provocaci\u00f3n lo que indign\u00f3 a los contingentes y convocaron una segunda movilizaci\u00f3n para este viernes.<\/p>\n<p>En Oaxaca se tenia programa una concentraci\u00f3n en la Fuente de las Ocho Regiones, sin embargo por consenso se decidi\u00f3 hacer la protesta, la cual incluy\u00f3 decenas de consignas, pintas y da\u00f1os al inmueble de la dependencia encargada de la pol\u00edtica p\u00fablica en pro de las mujeres y a dos veh\u00edculos de una concesionaria automotriz.<\/p>\n","protected":false},"excerpt":{"rendered":"<p>Redacci\u00f3n\/Zona Roja Oaxaca de Ju\u00e1rez, Oax., 16 de agosto de 2019.- Decenas de mujeres se&hellip;<\/p>\n","protected":false},"author":2,"featured_media":3151,"comment_status":"closed","ping_status":"open","sticky":false,"template":"","format":"standard","meta":{"_lmt_disableupdate":"","_lmt_disable":"","_jetpack_memberships_contains_paid_content":false,"footnotes":""},"categories":[1],"tags":[],"class_list":["post-3152","post","type-post","status-publish","format-standard","has-post-thumbnail","hentry","category-sin-categoria"],"jetpack_featured_media_url":"https:\/\/zonaroja.com.mx\/wp-content\/uploads\/2019\/08\/9306f148-3560-4d08-9083-935041ad340b.jpg","jetpack_sharing_enabled":true,"_links":{"self":[{"href":"https:\/\/zonaroja.com.mx\/index.php?rest_route=\/wp\/v2\/posts\/3152","targetHints":{"allow":["GET"]}}],"collection":[{"href":"https:\/\/zonaroja.com.mx\/index.php?rest_route=\/wp\/v2\/posts"}],"about":[{"href":"https:\/\/zonaroja.com.mx\/index.php?rest_route=\/wp\/v2\/types\/post"}],"author":[{"embeddable":true,"href":"https:\/\/zonaroja.com.mx\/index.php?rest_route=\/wp\/v2\/users\/2"}],"replies":[{"embeddable":true,"href":"https:\/\/zonaroja.com.mx\/index.php?rest_route=%2Fwp%2Fv2%2Fcomments&post=3152"}],"version-history":[{"count":1,"href":"https:\/\/zonaroja.com.mx\/index.php?rest_route=\/wp\/v2\/posts\/3152\/revisions"}],"predecessor-version":[{"id":3153,"href":"https:\/\/zonaroja.com.mx\/index.php?rest_route=\/wp\/v2\/posts\/3152\/revisions\/3153"}],"wp:featuredmedia":[{"embeddable":true,"href":"https:\/\/zonaroja.com.mx\/index.php?rest_route=\/wp\/v2\/media\/3151"}],"wp:attachment":[{"href":"https:\/\/zonaroja.com.mx\/index.php?rest_route=%2Fwp%2Fv2%2Fmedia&parent=3152"}],"wp:term":[{"taxonomy":"category","embeddable":true,"href":"https:\/\/zonaroja.com.mx\/index.php?rest_route=%2Fwp%2Fv2%2Fcategories&post=3152"},{"taxonomy":"post_tag","embeddable":true,"href":"https:\/\/zonaroja.com.mx\/index.php?rest_route=%2Fwp%2Fv2%2Ftags&post=3152"}],"curies":[{"name":"wp","href":"https:\/\/api.w.org\/{rel}","templated":true}]}}