{"id":31520,"date":"2021-08-31T21:01:58","date_gmt":"2021-09-01T02:01:58","guid":{"rendered":"http:\/\/www.zonaroja.com.mx\/?p=31520"},"modified":"2021-08-31T21:02:01","modified_gmt":"2021-09-01T02:02:01","slug":"nace-alianza-de-medios-mx-plataforma-para-defender-libertad-de-expresion","status":"publish","type":"post","link":"https:\/\/zonaroja.com.mx\/?p=31520","title":{"rendered":"Nace Alianza de Medios Mx, plataforma para defender libertad de expresi\u00f3n"},"content":{"rendered":"\n<p>Redacci\u00f3n\/Zona Roja Cdmx.<\/p>\n\n\n\n<p>Ciudad de M\u00e9xico, 31 de agosto de 2021.- Compa\u00f1\u00edas period\u00edsticas de diversa naturaleza acordaron constituir una instancia de colaboraci\u00f3n para defender la libertad de expresi\u00f3n y combatir la impunidad en los casos de ataques contra periodistas y medios de comunicaci\u00f3n en el pa\u00eds.<\/p>\n\n\n\n<p>As\u00ed, mediante una carta dirigida a la sociedad mexicana, anunciaron la creaci\u00f3n de Alianza de Medios Mx, plataforma para abrir espacios de reflexi\u00f3n sobre los diversos desaf\u00edos que encara el periodismo en M\u00e9xico en todos sus \u00e1mbitos y esferas.<\/p>\n\n\n\n<p>\u201cEl esp\u00edritu que nos motiva es defender la libertad de expresi\u00f3n, combatir la impunidad en los casos de ataques contra periodistas y medios, exhortar una mayor cercan\u00eda con la comunidad a la que servimos, y abrir espacios de reflexi\u00f3n sobre los diversos desaf\u00edos que encara nuestro sector, en todos sus \u00e1mbitos y plataformas\u201d, refieren.<\/p>\n\n\n\n<p>El conjunto de medios aglutinado en Alianza de Medios Mx evita convertirse en una herramienta para atender diferendos pol\u00edticos o de cualquier otra naturaleza.<\/p>\n\n\n\n<p>\u201cAlianza de Medios Mx no tiene ninguna filiaci\u00f3n pol\u00edtica ni partidista. Tampoco pretende rivalizar con ninguna instancia empe\u00f1ada en estos temas. Buscar\u00e1 armonizar sus esfuerzos con los de entidades de la misma naturaleza, la sociedad civil y los tres niveles de gobierno, de tal forma que podamos trabajar, cada quien desde su \u00e1mbito, en una misma direcci\u00f3n\u201d, recalc\u00f3 en su desplegado.<\/p>\n\n\n\n<p>Los medios participantes suscribieron que el perfeccionamiento de nuestra democracia requiere de todos los actores involucrados (periodistas, medios de comunicaci\u00f3n, sociedad civil, poderes del Estado) el compromiso de crear una atm\u00f3sfera de garant\u00edas suficientes para el ejercicio del periodismo en M\u00e9xico.<\/p>\n\n\n\n<p>Por ello, Alianza de Medios Mx auspici\u00f3 durante los \u00faltimos 18 meses a un grupo de trabajo permanente que ha construido y actualizar\u00e1 bases de datos sobre los agravios a periodistas y medios de comunicaci\u00f3n ocurridos en los \u00faltimos 30 a\u00f1os, lo que incluye m\u00e1s de 200 asesinatos.<\/p>\n\n\n\n<p>Para ello, se desarroll\u00f3 una metodolog\u00eda para dar seguimiento cercano a los m\u00e1s emblem\u00e1ticos de ellos, por estar claramente ligados con la libertad de expresi\u00f3n y as\u00ed elevar su visibilidad, con el reclamo de que los responsables de estos cr\u00edmenes sean llevados ante la justicia.<\/p>\n\n\n\n<p>\u201cTenemos la certeza de que esta iniciativa es en favor no s\u00f3lo de los periodistas, sino del libre flujo de ideas en nuestra sociedad. Es tambi\u00e9n una batalla por el rescate a la memoria de periodistas victimados por hacer su trabajo en busca de la verdad. Es la verdad la que resulta sacrificada por la impunidad que rodea este tipo de delitos, los cuales se siguen produciendo ante la falta de consecuencias para sus perpetradores\u201d.<\/p>\n\n\n\n<p>Para su prop\u00f3sito, la Alianza de Medios Mx lanza su sitio en internet www.alianzademediosmx.org que tambi\u00e9n ofrecer\u00e1 a informadores de todo el pa\u00eds opciones de actualizaci\u00f3n profesional, gu\u00edas para protegerse ante riesgos profesionales, reclamar sus derechos o pedir ayuda ante nuevos ataques, entre otros canales de colaboraci\u00f3n.<\/p>\n\n\n\n<p>Los medios que conforman la Alianza de Medios Mx publicar\u00e1n, de manera conjunta, investigaciones especiales y otros materiales para poner bajo la mirada de la opini\u00f3n p\u00fablica casos de impunidad manifiesta. En esta ocasi\u00f3n ofrece a sus lectores, televidentes, radioescuchas y usuarios de internet un reportaje sobre el reportero Alfredo Jim\u00e9nez Mota, desaparecido en 2005 en Sonora.<\/p>\n\n\n\n<p>Entre los medios que signan el acuerdo est\u00e1n \u201cProceso\u201d, \u201cEl Universal\u201d, \u201cEje Central\u201d, \u201cEl Heraldo\u201d, \u201cLa Silla Rota\u201d, \u201cPublimetro\u201d, \u201cEl Economista\u201d, por mencionar a algunos.<\/p>\n\n\n\n<p>(Informaci\u00f3n de \u201cEl Sol de M\u00e9xico\u201d)<\/p>\n","protected":false},"excerpt":{"rendered":"<p>Redacci\u00f3n\/Zona Roja Cdmx. Ciudad de M\u00e9xico, 31 de agosto de 2021.- Compa\u00f1\u00edas period\u00edsticas de diversa&hellip;<\/p>\n","protected":false},"author":2,"featured_media":31521,"comment_status":"closed","ping_status":"open","sticky":false,"template":"","format":"standard","meta":{"_lmt_disableupdate":"","_lmt_disable":"","_jetpack_memberships_contains_paid_content":false,"footnotes":""},"categories":[109,47],"tags":[2872],"class_list":["post-31520","post","type-post","status-publish","format-standard","has-post-thumbnail","hentry","category-minuto-a-minuto","category-zona-gris","tag-alianza-de-medios-mx"],"jetpack_featured_media_url":"https:\/\/zonaroja.com.mx\/wp-content\/uploads\/2021\/08\/Desplegado-Alianza-de-Medios-Mx.jpg","jetpack_sharing_enabled":true,"_links":{"self":[{"href":"https:\/\/zonaroja.com.mx\/index.php?rest_route=\/wp\/v2\/posts\/31520","targetHints":{"allow":["GET"]}}],"collection":[{"href":"https:\/\/zonaroja.com.mx\/index.php?rest_route=\/wp\/v2\/posts"}],"about":[{"href":"https:\/\/zonaroja.com.mx\/index.php?rest_route=\/wp\/v2\/types\/post"}],"author":[{"embeddable":true,"href":"https:\/\/zonaroja.com.mx\/index.php?rest_route=\/wp\/v2\/users\/2"}],"replies":[{"embeddable":true,"href":"https:\/\/zonaroja.com.mx\/index.php?rest_route=%2Fwp%2Fv2%2Fcomments&post=31520"}],"version-history":[{"count":1,"href":"https:\/\/zonaroja.com.mx\/index.php?rest_route=\/wp\/v2\/posts\/31520\/revisions"}],"predecessor-version":[{"id":31522,"href":"https:\/\/zonaroja.com.mx\/index.php?rest_route=\/wp\/v2\/posts\/31520\/revisions\/31522"}],"wp:featuredmedia":[{"embeddable":true,"href":"https:\/\/zonaroja.com.mx\/index.php?rest_route=\/wp\/v2\/media\/31521"}],"wp:attachment":[{"href":"https:\/\/zonaroja.com.mx\/index.php?rest_route=%2Fwp%2Fv2%2Fmedia&parent=31520"}],"wp:term":[{"taxonomy":"category","embeddable":true,"href":"https:\/\/zonaroja.com.mx\/index.php?rest_route=%2Fwp%2Fv2%2Fcategories&post=31520"},{"taxonomy":"post_tag","embeddable":true,"href":"https:\/\/zonaroja.com.mx\/index.php?rest_route=%2Fwp%2Fv2%2Ftags&post=31520"}],"curies":[{"name":"wp","href":"https:\/\/api.w.org\/{rel}","templated":true}]}}