{"id":31526,"date":"2021-08-31T22:35:54","date_gmt":"2021-09-01T03:35:54","guid":{"rendered":"http:\/\/www.zonaroja.com.mx\/?p=31526"},"modified":"2021-08-31T22:35:58","modified_gmt":"2021-09-01T03:35:58","slug":"agosto-el-mas-letal-por-covid-en-oaxaca-12132-contagiados-y-467-muertos","status":"publish","type":"post","link":"https:\/\/zonaroja.com.mx\/?p=31526","title":{"rendered":"Agosto, el m\u00e1s letal por Covid en Oaxaca: 12,132 contagiados y 467 muertos"},"content":{"rendered":"\n<p>Redacci\u00f3n\/Zona Roja.<\/p>\n\n\n\n<p>Oaxaca de Ju\u00e1rez, Oax. 31 de agosto de 2021.- Agosto fue el mes en que se registraron las cifras m\u00e1s altas de personas que cursan la enfermedad del Covid-12 en fase activa; tambi\u00e9n en este periodo, se report\u00f3 la cifra de 12 mil 132 casos nuevos en diferentes municipios, el doble de lo acumulado en el mes de julio.<\/p>\n\n\n\n<p>Y es que, al corte de este 31 de agosto, los Servicios de Salud de Oaxaca (SSO), contabilizaron un incremento de 243.2% de las defunciones al pasar de 192 en julio a 467 en este mes.<\/p>\n\n\n\n<p>Este martes, se han registrado 504 casos nuevos en 98 municipios y 19 lamentables defunciones, hay 67 mil 492 casos acumulados y cuatro mil 622 personas que perdieron la vida por esta enfermedad, mil 905 casos activos y 60 mil 965 personas se han recuperado.<\/p>\n\n\n\n<p>La Jurisdicci\u00f3n Sanitaria de Valles Centrales contabiliza 41 mil 143 casos confirmados y dos mil 93 defunciones, Istmo ocho mil 819 casos confirmados y 984 defunciones, Tuxtepec cuatro mil 725 casos confirmados y 443 defunciones, Costa cinco mil 71 casos confirmados y 396 defunciones, Mixteca cinco mil 478 casos confirmados y 458 defunciones, Sierra dos mil 256 casos confirmados y 248 defunciones.<\/p>\n\n\n\n<p>Los 504 casos nuevos afectan a 98 municipios, siendo el primer lugar Oaxaca de Ju\u00e1rez con 101 casos, Santa Cruz Xoxocotl\u00e1n con 27, Huajuapan de Le\u00f3n 20, Heroica Ciudad de Juchit\u00e1n de Zaragoza y Santo Domingo Tehuantepec 18 cada uno, Santa Mar\u00eda Huatulco 17, Ciudad Ixtepec 16, Miahuatl\u00e1n de Porfirio D\u00edaz y Salina Cruz 15 cada uno.<\/p>\n\n\n\n<figure class=\"wp-block-embed-twitter wp-block-embed is-type-rich is-provider-twitter\"><div class=\"wp-block-embed__wrapper\">\n<div class=\"twitter-tweet\"><blockquote class=\"twitter-tweet\" data-lang=\"es\"><p lang=\"es\" dir=\"ltr\"><a href=\"https:\/\/twitter.com\/hashtag\/%C3%9AltimoMinuto?src=hash&amp;ref_src=twsrc%5Etfw\">#\u00daltimoMinuto<\/a><br>En <a href=\"https:\/\/twitter.com\/hashtag\/Oaxaca?src=hash&amp;ref_src=twsrc%5Etfw\">#Oaxaca<\/a>, los Servicios de Salud reportaron este martes 504 casos positivos, para un total de 67 mil 492 casos confirmados.<br>Asimismo, 19 defunciones, con lo que suman 4 mil 622 decesos.<br>Hay 15 nosocomios llenos; ocupaci\u00f3n hospitalaria al 71.1%.<a href=\"https:\/\/twitter.com\/hashtag\/Qu%C3%A9dateEnCasa?src=hash&amp;ref_src=twsrc%5Etfw\">#Qu\u00e9dateEnCasa<\/a> <a href=\"https:\/\/t.co\/sjtmvPdE4u\">pic.twitter.com\/sjtmvPdE4u<\/a><\/p>&mdash; Zona Roja Oaxaca (@Zona_Roja_Oax) <a href=\"https:\/\/twitter.com\/Zona_Roja_Oax\/status\/1432876949861539849?ref_src=twsrc%5Etfw\">1 de septiembre de 2021<\/a><\/blockquote><\/div>\n<\/div><\/figure>\n\n\n\n<p>Santa Mar\u00eda Atzompa 14, Santa Luc\u00eda del Camino 13, San Juan Bautista Tuxtepec 12, Barrio de la Soledad 10, y el resto de nueve o un solo caso por lo que este d\u00eda San Pedro Yolox registra su primer caso.<\/p>\n\n\n\n<p>De las cuatro mil 622 defunciones contabilizadas desde el inicio de la pandemia, dos mil 957 son hombres y mil 665 mujeres, el grupo de edad m\u00e1s afectado es el de 65 y m\u00e1s a\u00f1os con dos mil 135, seguido de 50 a 59 con mil uno, 60 a 64 con 657, y de 25 a 44 a\u00f1os con 465. Las comorbilidades asociadas son la hipertensi\u00f3n arterial, diabetes, obesidad e insuficiencia renal.<\/p>\n\n\n\n<p>En relaci\u00f3n a la ocupaci\u00f3n hospitalaria, este d\u00eda se registran 345 camas ocupadas de un total de 485, hay disponibles 140, por lo que 15 hospitales se encuentran al 100% de ocupaci\u00f3n, y se registran 13 nuevos hospitalizados.<\/p>\n\n\n\n<p>La ocupaci\u00f3n global es del 71.1%, la Jurisdicci\u00f3n Sanitaria de Valles Centrales registra un 87.7%, seguido de la Mixteca con 82.9%, Istmo con 59.1%, Costa 51.9%, Tuxtepec 50% y la Sierra 0%.<\/p>\n\n\n\n<p>(Comunicado de prensa)<\/p>\n","protected":false},"excerpt":{"rendered":"<p>Redacci\u00f3n\/Zona Roja. Oaxaca de Ju\u00e1rez, Oax. 31 de agosto de 2021.- Agosto fue el mes&hellip;<\/p>\n","protected":false},"author":2,"featured_media":31527,"comment_status":"closed","ping_status":"open","sticky":false,"template":"","format":"standard","meta":{"_lmt_disableupdate":"","_lmt_disable":"","_jetpack_memberships_contains_paid_content":false,"footnotes":""},"categories":[109,47],"tags":[1512],"class_list":["post-31526","post","type-post","status-publish","format-standard","has-post-thumbnail","hentry","category-minuto-a-minuto","category-zona-gris","tag-coronavirus-oaxaca"],"jetpack_featured_media_url":"https:\/\/zonaroja.com.mx\/wp-content\/uploads\/2021\/08\/31-de-agosto-2021-Comunicado-te\u0301cnico.jpg","jetpack_sharing_enabled":true,"_links":{"self":[{"href":"https:\/\/zonaroja.com.mx\/index.php?rest_route=\/wp\/v2\/posts\/31526","targetHints":{"allow":["GET"]}}],"collection":[{"href":"https:\/\/zonaroja.com.mx\/index.php?rest_route=\/wp\/v2\/posts"}],"about":[{"href":"https:\/\/zonaroja.com.mx\/index.php?rest_route=\/wp\/v2\/types\/post"}],"author":[{"embeddable":true,"href":"https:\/\/zonaroja.com.mx\/index.php?rest_route=\/wp\/v2\/users\/2"}],"replies":[{"embeddable":true,"href":"https:\/\/zonaroja.com.mx\/index.php?rest_route=%2Fwp%2Fv2%2Fcomments&post=31526"}],"version-history":[{"count":1,"href":"https:\/\/zonaroja.com.mx\/index.php?rest_route=\/wp\/v2\/posts\/31526\/revisions"}],"predecessor-version":[{"id":31528,"href":"https:\/\/zonaroja.com.mx\/index.php?rest_route=\/wp\/v2\/posts\/31526\/revisions\/31528"}],"wp:featuredmedia":[{"embeddable":true,"href":"https:\/\/zonaroja.com.mx\/index.php?rest_route=\/wp\/v2\/media\/31527"}],"wp:attachment":[{"href":"https:\/\/zonaroja.com.mx\/index.php?rest_route=%2Fwp%2Fv2%2Fmedia&parent=31526"}],"wp:term":[{"taxonomy":"category","embeddable":true,"href":"https:\/\/zonaroja.com.mx\/index.php?rest_route=%2Fwp%2Fv2%2Fcategories&post=31526"},{"taxonomy":"post_tag","embeddable":true,"href":"https:\/\/zonaroja.com.mx\/index.php?rest_route=%2Fwp%2Fv2%2Ftags&post=31526"}],"curies":[{"name":"wp","href":"https:\/\/api.w.org\/{rel}","templated":true}]}}