{"id":31536,"date":"2021-09-01T07:46:54","date_gmt":"2021-09-01T12:46:54","guid":{"rendered":"http:\/\/www.zonaroja.com.mx\/?p=31536"},"modified":"2021-09-01T07:46:57","modified_gmt":"2021-09-01T12:46:57","slug":"oaxaca-sube-al-quinto-lugar-en-mortandad-por-covid-19-en-menores-de-edad","status":"publish","type":"post","link":"https:\/\/zonaroja.com.mx\/?p=31536","title":{"rendered":"Oaxaca sube al quinto lugar en mortandad por Covid-19 en menores de edad"},"content":{"rendered":"\n<p>Evlin Arag\u00f3n\/Zona Roja.<\/p>\n\n\n\n<p>Oaxaca de Ju\u00e1rez, Oax., 1 de septiembre de 2021.- El Sistema de Protecci\u00f3n Integral de los Derechos de las Ni\u00f1as, Ni\u00f1os y Adolescentes (SIPINNA) report\u00f3 un total de 37 menores de edad fallecidos por Covid-19 en el estado de Oaxaca.&nbsp;<\/p>\n\n\n\n<p>De acuerdo con los datos proporcionados por las autoridades federales, esta entidad paso del sexto al quinto lugar en mortandad en la \u00faltima semana, solo por debajo de; Puebla, con 44 casos; Baja California y Ciudad de M\u00e9xico, con 45 cada una, Nuevo Le\u00f3n, con 48; y Estado de M\u00e9xico, con 95.&nbsp;<\/p>\n\n\n\n<p>A partir de los datos arrojados por la Secretar\u00eda de Salud y con corte al 29 de agosto, en Oaxaca han muerto 27 ni\u00f1as y ni\u00f1os menores de cinco a\u00f1os; cuatro de entre 6 y 11 a\u00f1os; y seis m\u00e1s de 12 a 17 a\u00f1os a consecuencia del coronavirus.&nbsp;<\/p>\n\n\n\n<p>Los casos m\u00e1s recientes, una ni\u00f1a de 11 a\u00f1os originaria de Uni\u00f3n Hidalgo; dos beb\u00e9s, un var\u00f3n y una mujer, en los municipios de Santa Mar\u00eda Tonameca y San Juan Bautista Cuicatl\u00e1n, respectivamente; y un ni\u00f1o de un a\u00f1o de edad, en San Juan Bautista Tuxtepec.&nbsp;<\/p>\n\n\n\n<p>Previamente, tambi\u00e9n en la Cuenca del Papaloapan, un joven con una enfermedad adicional perdi\u00f3 la vida en el Hospital General de Zona No. 3 IMSS; as\u00ed mismo una beb\u00e9 en la capital de Oaxaca; y una joven, de 14 a\u00f1os de edad, originaria de Santa Mar\u00eda Tlahuiltoltepec..&nbsp;<\/p>\n\n\n\n<p>Los municipios de la entidad donde se han registrado los decesos son: Oaxaca de Ju\u00e1rez, con cinco decesos; as\u00ed como San Pedro Pochutla, Santa Ana Zegache, Juchit\u00e1n de Zaragoza, Santa Cruz Xoxocotl\u00e1n y San Juan Bautista Tuxtepec, con dos cada una.&nbsp;&nbsp;&nbsp;<\/p>\n\n\n\n<p>De igual forma San Pedro Ixtlahuaca, Asunci\u00f3n Nochixtl\u00e1n, Santa Mar\u00eda Huatulco, Santa Catarina Mechoac\u00e1n, San Felipe Jalapa de D\u00edaz, Abejones, Magdalena Teitipac, Putla Villa de Guerrero, Salina Cruz, Santa Mar\u00eda Lachix\u00edo, Candelaria Loxicha, y Santo Domingo Tehuantepec.&nbsp;&nbsp;&nbsp;<\/p>\n\n\n\n<p>Mientras que los m\u00e1s recientes son: San Juan Bautista Atatlahuca, Santos Reyes Nopala, San Andr\u00e9s Solaga, Santa Mar\u00eda Colotepec, Santa Ana, Santa Mar\u00eda Tlahuiltoltepec, Santa Mar\u00eda Tonameca, San Juan Bautista Cuicatl\u00e1n y Uni\u00f3n Hidalgo.&nbsp;<\/p>\n\n\n\n<p>En t\u00e9rminos generales Oaxaca reporta un total de mil 589 casos positivos de SARS-CoV-2, 109 m\u00e1s que la semana anterior y que podr\u00edan aumentar con el regreso a clases semipresenciales.<\/p>\n\n\n\n<p>Del total de caso 500 se han registrado en ni\u00f1as y ni\u00f1os de 0 a 5 a\u00f1os; 376 de 6 a 11 a\u00f1os; y 713 de 12 a 17 a\u00f1os.&nbsp;<\/p>\n","protected":false},"excerpt":{"rendered":"<p>Evlin Arag\u00f3n\/Zona Roja. Oaxaca de Ju\u00e1rez, Oax., 1 de septiembre de 2021.- El Sistema de&hellip;<\/p>\n","protected":false},"author":2,"featured_media":20382,"comment_status":"closed","ping_status":"open","sticky":false,"template":"","format":"standard","meta":{"_lmt_disableupdate":"","_lmt_disable":"","_jetpack_memberships_contains_paid_content":false,"footnotes":""},"categories":[109,47],"tags":[1512],"class_list":["post-31536","post","type-post","status-publish","format-standard","has-post-thumbnail","hentry","category-minuto-a-minuto","category-zona-gris","tag-coronavirus-oaxaca"],"jetpack_featured_media_url":"https:\/\/zonaroja.com.mx\/wp-content\/uploads\/2020\/11\/Menores-de-edad-Covid.jpg","jetpack_sharing_enabled":true,"_links":{"self":[{"href":"https:\/\/zonaroja.com.mx\/index.php?rest_route=\/wp\/v2\/posts\/31536","targetHints":{"allow":["GET"]}}],"collection":[{"href":"https:\/\/zonaroja.com.mx\/index.php?rest_route=\/wp\/v2\/posts"}],"about":[{"href":"https:\/\/zonaroja.com.mx\/index.php?rest_route=\/wp\/v2\/types\/post"}],"author":[{"embeddable":true,"href":"https:\/\/zonaroja.com.mx\/index.php?rest_route=\/wp\/v2\/users\/2"}],"replies":[{"embeddable":true,"href":"https:\/\/zonaroja.com.mx\/index.php?rest_route=%2Fwp%2Fv2%2Fcomments&post=31536"}],"version-history":[{"count":1,"href":"https:\/\/zonaroja.com.mx\/index.php?rest_route=\/wp\/v2\/posts\/31536\/revisions"}],"predecessor-version":[{"id":31537,"href":"https:\/\/zonaroja.com.mx\/index.php?rest_route=\/wp\/v2\/posts\/31536\/revisions\/31537"}],"wp:featuredmedia":[{"embeddable":true,"href":"https:\/\/zonaroja.com.mx\/index.php?rest_route=\/wp\/v2\/media\/20382"}],"wp:attachment":[{"href":"https:\/\/zonaroja.com.mx\/index.php?rest_route=%2Fwp%2Fv2%2Fmedia&parent=31536"}],"wp:term":[{"taxonomy":"category","embeddable":true,"href":"https:\/\/zonaroja.com.mx\/index.php?rest_route=%2Fwp%2Fv2%2Fcategories&post=31536"},{"taxonomy":"post_tag","embeddable":true,"href":"https:\/\/zonaroja.com.mx\/index.php?rest_route=%2Fwp%2Fv2%2Ftags&post=31536"}],"curies":[{"name":"wp","href":"https:\/\/api.w.org\/{rel}","templated":true}]}}