{"id":31538,"date":"2021-09-01T07:53:29","date_gmt":"2021-09-01T12:53:29","guid":{"rendered":"http:\/\/www.zonaroja.com.mx\/?p=31538"},"modified":"2021-09-01T07:53:32","modified_gmt":"2021-09-01T12:53:32","slug":"sentencian-a-25-anos-de-carcel-a-sujeto-que-violo-a-nina-de-11-anos","status":"publish","type":"post","link":"https:\/\/zonaroja.com.mx\/?p=31538","title":{"rendered":"Sentencian a 25 a\u00f1os de c\u00e1rcel a sujeto que viol\u00f3 a ni\u00f1a de 11 a\u00f1os"},"content":{"rendered":"\n<p>Redacci\u00f3n\/Zona Roja.<\/p>\n\n\n\n<p>Oaxaca de Ju\u00e1rez, Oax., 1 de septiembre de 2021.- La Fiscal\u00eda General del Estado de Oaxaca (FGEO) obtuvo, del Tribunal de Enjuiciamiento, sentencia condenatoria de 25 a\u00f1os de prisi\u00f3n contra la persona del sexo masculino identificada como M. J. A. S., quien cometi\u00f3 el delito de violaci\u00f3n equiparada agravada en contra de una ni\u00f1a de 11 a\u00f1os, en marzo de 2019, en San Juan Bautista Tuxtepec, en la regi\u00f3n de la Cuenca.<\/p>\n\n\n\n<p>De acuerdo con los hechos asentados en la causa penal 62\/2019, el 4 de marzo de 2019, el imputado ingres\u00f3 al domicilio particular de la v\u00edctima, ubicado en la colonia Santa Fe de Tuxtepec y la agredi\u00f3 de manera sexual.<\/p>\n\n\n\n<p>Ante este hecho y tras la denuncia presentada por familiares de la v\u00edctima, la Instituci\u00f3n de procuraci\u00f3n de justicia atrajo la investigaci\u00f3n -a trav\u00e9s de la Vicefiscal\u00eda Regional de la Cuenca-, logrando aprehender y presentar al imputado ante el Juzgado de Control, quien determin\u00f3 vincularlo a proceso.<\/p>\n\n\n\n<p>En audiencia de debate, el Tribunal de Enjuiciamiento dict\u00f3 sentencia condenatoria contra el agresor sexual, imponiendo la pena de 25 a\u00f1os y seis meses de prisi\u00f3n, adem\u00e1s que orden\u00f3 el pago de una multa por m\u00e1s de 126 mil pesos.<\/p>\n\n\n\n<p>OTRA SENTENCIA<\/p>\n\n\n\n<p>Por otra parte, la Fiscal\u00eda General obtuvo del Tribunal de Enjuiciamiento, otra sentencia condenatoria contra la persona del sexo masculino identificado como D. O. A., responsable del delito de violaci\u00f3n agravada en contra de una adolescente de 13 a\u00f1os, cometido en julio de 2018 en jurisdicci\u00f3n de Oaxaca Ju\u00e1rez.<\/p>\n\n\n\n<p>De acuerdo con la carpeta de investigaci\u00f3n 1463\/FEADM\/2018, el 10 de julio de 2018, aproximadamente a las 12:00 horas, el imputado agredi\u00f3 de manera sexual a la v\u00edctima cuando encontraba en su domicilio ubicado en inmediaciones de la agencia de Santa Rosa Panzacola, perteneciente a la capital del estado.<\/p>\n\n\n\n<p>Ante estos hechos y tras la denuncia presentada, la Instituci\u00f3n de procuraci\u00f3n de justicia inici\u00f3 la investigaci\u00f3n correspondiente -a trav\u00e9s de la Fiscal\u00eda Especializada en Atenci\u00f3n a Delitos contra la Mujer por Raz\u00f3n de G\u00e9nero-, logrando aprehender y presentar al imputado ante el Juez de la causa, quien determin\u00f3 vincularlo a proceso.<\/p>\n\n\n\n<p>En audiencia, el Tribunal de Enjuiciamiento dict\u00f3 sentencia condenatoria contra el imputado, imponi\u00e9ndole la pena de 22 a\u00f1os y seis meses de prisi\u00f3n y ordenando el pago de una multa de m\u00e1s de 90 mil pesos y el pago de la reparaci\u00f3n del da\u00f1o en abstracto.<\/p>\n","protected":false},"excerpt":{"rendered":"<p>Redacci\u00f3n\/Zona Roja. Oaxaca de Ju\u00e1rez, Oax., 1 de septiembre de 2021.- La Fiscal\u00eda General del&hellip;<\/p>\n","protected":false},"author":2,"featured_media":30723,"comment_status":"closed","ping_status":"open","sticky":false,"template":"","format":"standard","meta":{"_lmt_disableupdate":"","_lmt_disable":"","_jetpack_memberships_contains_paid_content":false,"footnotes":""},"categories":[109,47],"tags":[494],"class_list":["post-31538","post","type-post","status-publish","format-standard","has-post-thumbnail","hentry","category-minuto-a-minuto","category-zona-gris","tag-fiscalia-general-del-estado-de-oaxaca"],"jetpack_featured_media_url":"https:\/\/zonaroja.com.mx\/wp-content\/uploads\/2021\/08\/Prision-carcel-1.jpg","jetpack_sharing_enabled":true,"_links":{"self":[{"href":"https:\/\/zonaroja.com.mx\/index.php?rest_route=\/wp\/v2\/posts\/31538","targetHints":{"allow":["GET"]}}],"collection":[{"href":"https:\/\/zonaroja.com.mx\/index.php?rest_route=\/wp\/v2\/posts"}],"about":[{"href":"https:\/\/zonaroja.com.mx\/index.php?rest_route=\/wp\/v2\/types\/post"}],"author":[{"embeddable":true,"href":"https:\/\/zonaroja.com.mx\/index.php?rest_route=\/wp\/v2\/users\/2"}],"replies":[{"embeddable":true,"href":"https:\/\/zonaroja.com.mx\/index.php?rest_route=%2Fwp%2Fv2%2Fcomments&post=31538"}],"version-history":[{"count":1,"href":"https:\/\/zonaroja.com.mx\/index.php?rest_route=\/wp\/v2\/posts\/31538\/revisions"}],"predecessor-version":[{"id":31539,"href":"https:\/\/zonaroja.com.mx\/index.php?rest_route=\/wp\/v2\/posts\/31538\/revisions\/31539"}],"wp:featuredmedia":[{"embeddable":true,"href":"https:\/\/zonaroja.com.mx\/index.php?rest_route=\/wp\/v2\/media\/30723"}],"wp:attachment":[{"href":"https:\/\/zonaroja.com.mx\/index.php?rest_route=%2Fwp%2Fv2%2Fmedia&parent=31538"}],"wp:term":[{"taxonomy":"category","embeddable":true,"href":"https:\/\/zonaroja.com.mx\/index.php?rest_route=%2Fwp%2Fv2%2Fcategories&post=31538"},{"taxonomy":"post_tag","embeddable":true,"href":"https:\/\/zonaroja.com.mx\/index.php?rest_route=%2Fwp%2Fv2%2Ftags&post=31538"}],"curies":[{"name":"wp","href":"https:\/\/api.w.org\/{rel}","templated":true}]}}