{"id":31540,"date":"2021-09-01T08:19:20","date_gmt":"2021-09-01T13:19:20","guid":{"rendered":"http:\/\/www.zonaroja.com.mx\/?p=31540"},"modified":"2021-09-01T08:19:24","modified_gmt":"2021-09-01T13:19:24","slug":"poderes-ejecutivo-y-judicial-revisan-inicio-del-sistema-de-justicia-laboral-en-oaxaca","status":"publish","type":"post","link":"https:\/\/zonaroja.com.mx\/?p=31540","title":{"rendered":"Poderes Ejecutivo y Judicial revisan inicio del Sistema de Justicia Laboral en Oaxaca"},"content":{"rendered":"\n<p>Redacci\u00f3n\/Zona Roja.<\/p>\n\n\n\n<p>Oaxaca de Ju\u00e1rez, Oax., 1 de septiembre de 2021.- La implementaci\u00f3n de la Reforma Laboral en Oaxaca es un reto compartido que requiere la buena coordinaci\u00f3n y suma de esfuerzos entre los Poderes locales.<\/p>\n\n\n\n<p>Por ello, el Gobernador del Estado, Alejandro Murat Hinojosa, y el presidente del Tribunal Superior de Justicia, magistrado Eduardo Pinacho S\u00e1nchez, en conjunto, trataron temas relacionados con la implementaci\u00f3n de este nuevo sistema de justicia en la entidad.<\/p>\n\n\n\n<p>Con el nuevo sistema se ponderan los derechos democr\u00e1ticos de los trabajadores, la libertad sindical, as\u00ed como una impartici\u00f3n de justicia m\u00e1s \u00e1gil, no s\u00f3lo para los empleados, sino tambi\u00e9n para las empresas, pues brindar\u00e1 solidez y certeza jur\u00eddica al momento de negociar contratos colectivos de trabajo.<\/p>\n\n\n\n<p>En un marco de respeto irrestricto a la divisi\u00f3n de poderes, los titulares de los poderes Ejecutivo y Judicial revisaron en la reuni\u00f3n de trabajo aspectos para el cumplimiento en tiempo y forma de esta disposici\u00f3n federal.<\/p>\n\n\n\n<p>En entrevista, el presidente del Tribunal Superior de Justicia y del Consejo de la Judicatura, inform\u00f3 que con subsidio de la federaci\u00f3n y estatal se lleva a cabo la adecuaci\u00f3n de cuatro juzgados especializados en la materia, que estar\u00e1n ubicados dos en la ciudad capital, uno en Huatulco y otro m\u00e1s en Juchit\u00e1n.<\/p>\n\n\n\n<p>Por otra parte, se\u00f1al\u00f3 que tambi\u00e9n como parte de este proceso de implementaci\u00f3n de la Reforma en materia de Justicia Laboral que entrar\u00e1 en vigor en Oaxaca el uno de octubre pr\u00f3ximo, el Poder Judicial del Estado concluy\u00f3 recientemente el programa acad\u00e9mico del Diplomado de Especializaci\u00f3n en esta materia.<\/p>\n\n\n\n<p>Un grupo de 84 profesionistas, entre ellos servidoras y servidores p\u00fablicos judiciales, personal de las Juntas de Conciliaci\u00f3n y Arbitraje, y abogadas y abogados en general, cumplieron con un total de 235 horas de capacitaci\u00f3n, en la modalidad virtual, impartida por acad\u00e9micos de la Universidad Aut\u00f3noma de M\u00e9xico (UNAM) y a quienes se les aplic\u00f3 el examen de evaluaci\u00f3n correspondiente que se tomar\u00e1 como factor de desempe\u00f1o para la selecci\u00f3n de operadores judiciales del nuevo sistema en la materia.<\/p>\n\n\n\n<p>El presidente del Tribunal Superior de Justicia destac\u00f3 el trabajo interinstitucional que han mantenido los Poderes del Estado con el objetivo de atender desde el \u00e1mbito de sus competencias las necesidades de legislaci\u00f3n, organizaci\u00f3n, presupuestarias y capacitaci\u00f3n, entre otras, en el proceso de implementaci\u00f3n del Sistema de Justicia Laboral que garantice la inversi\u00f3n, el empleo y estabilidad de las familias en Oaxaca.<\/p>\n","protected":false},"excerpt":{"rendered":"<p>Redacci\u00f3n\/Zona Roja. Oaxaca de Ju\u00e1rez, Oax., 1 de septiembre de 2021.- La implementaci\u00f3n de la&hellip;<\/p>\n","protected":false},"author":2,"featured_media":31541,"comment_status":"closed","ping_status":"open","sticky":false,"template":"","format":"standard","meta":{"_lmt_disableupdate":"","_lmt_disable":"","_jetpack_memberships_contains_paid_content":false,"footnotes":""},"categories":[109,46],"tags":[223],"class_list":["post-31540","post","type-post","status-publish","format-standard","has-post-thumbnail","hentry","category-minuto-a-minuto","category-zona-blanca","tag-poder-judicial-de-oaxaca"],"jetpack_featured_media_url":"https:\/\/zonaroja.com.mx\/wp-content\/uploads\/2021\/09\/El-gobernador-Alejandro-Murat-y-el-titular-del-Poder-Judicial-sostuvieron-reunio\u0301n.jpg","jetpack_sharing_enabled":true,"_links":{"self":[{"href":"https:\/\/zonaroja.com.mx\/index.php?rest_route=\/wp\/v2\/posts\/31540","targetHints":{"allow":["GET"]}}],"collection":[{"href":"https:\/\/zonaroja.com.mx\/index.php?rest_route=\/wp\/v2\/posts"}],"about":[{"href":"https:\/\/zonaroja.com.mx\/index.php?rest_route=\/wp\/v2\/types\/post"}],"author":[{"embeddable":true,"href":"https:\/\/zonaroja.com.mx\/index.php?rest_route=\/wp\/v2\/users\/2"}],"replies":[{"embeddable":true,"href":"https:\/\/zonaroja.com.mx\/index.php?rest_route=%2Fwp%2Fv2%2Fcomments&post=31540"}],"version-history":[{"count":1,"href":"https:\/\/zonaroja.com.mx\/index.php?rest_route=\/wp\/v2\/posts\/31540\/revisions"}],"predecessor-version":[{"id":31542,"href":"https:\/\/zonaroja.com.mx\/index.php?rest_route=\/wp\/v2\/posts\/31540\/revisions\/31542"}],"wp:featuredmedia":[{"embeddable":true,"href":"https:\/\/zonaroja.com.mx\/index.php?rest_route=\/wp\/v2\/media\/31541"}],"wp:attachment":[{"href":"https:\/\/zonaroja.com.mx\/index.php?rest_route=%2Fwp%2Fv2%2Fmedia&parent=31540"}],"wp:term":[{"taxonomy":"category","embeddable":true,"href":"https:\/\/zonaroja.com.mx\/index.php?rest_route=%2Fwp%2Fv2%2Fcategories&post=31540"},{"taxonomy":"post_tag","embeddable":true,"href":"https:\/\/zonaroja.com.mx\/index.php?rest_route=%2Fwp%2Fv2%2Ftags&post=31540"}],"curies":[{"name":"wp","href":"https:\/\/api.w.org\/{rel}","templated":true}]}}