{"id":31543,"date":"2021-09-01T10:15:30","date_gmt":"2021-09-01T15:15:30","guid":{"rendered":"http:\/\/www.zonaroja.com.mx\/?p=31543"},"modified":"2021-09-01T10:15:36","modified_gmt":"2021-09-01T15:15:36","slug":"opinion-la-reforma-de-la-salud-mental","status":"publish","type":"post","link":"https:\/\/zonaroja.com.mx\/?p=31543","title":{"rendered":"Opini\u00f3n. La reforma de la salud mental"},"content":{"rendered":"\n<p>Gibr\u00e1n Ram\u00edrez Reyes*<\/p>\n\n\n\n<p>Entre las cosas que se han hecho bien en este gobierno destaca el trabajo en el \u00e1rea de salud mental. La salud mental en M\u00e9xico estaba, antes de este gobierno, patrimonializada, desordenada, desarticulada y pr\u00e1cticamente abandonada, salvo por algunos hospitales especializados en los que se concentraba el presupuesto.<\/p>\n\n\n\n<p>La interlocuci\u00f3n entre gobierno, sociedad civil y comunidad sanitaria de la salud mental estaba tambi\u00e9n rota o era, por lo menos, lejana y basada en la desconfianza.<\/p>\n\n\n\n<p>La idea que articul\u00f3 el sistema vino de una buena intenci\u00f3n surgida en la alternancia partidista: cambiar el modelo asilar de atenci\u00f3n a la salud mental que ten\u00eda, de por s\u00ed, una escasa cobertura y no facilitaba la integraci\u00f3n a la sociedad de quienes presentaban cuadros cl\u00ednicos complicados, sino todo lo contrario.<\/p>\n\n\n\n<p>El Modelo Miguel Hidalgo emergi\u00f3 en 2002, supuestamente inspirado en la reforma psiqui\u00e1trica de Italia y Espa\u00f1a, con un discurso progresista que hac\u00eda hincapi\u00e9 en la atenci\u00f3n comunitaria y la inserci\u00f3n social, pero su puesta en marcha fue desastrosa y arroj\u00f3, en consecuencia, resultados muy diferentes.<\/p>\n\n\n\n<p>A la cabeza de los servicios psiqui\u00e1tricos se instal\u00f3, entre otros y casi por dos d\u00e9cadas, Virginia Gonz\u00e1lez Torres, cuya salida del Consejo Nacional de Salud Mental festej\u00f3 la Asociaci\u00f3n Psiqui\u00e1trica Mexicana.<\/p>\n\n\n\n<p>El instrumento para la reinserci\u00f3n comunitaria de personas con padecimientos eran las llamadas villas de transici\u00f3n, que terminaron por reproducir las viejas pr\u00e1cticas asilares, pero que se mantuvieron as\u00ed porque dieron a un grupo una clientela pol\u00edtica cautiva que lleg\u00f3 a movilizarse sin pudor. Hubo, adem\u00e1s, esc\u00e1ndalos de corrupci\u00f3n, y cada vez m\u00e1s protestas de m\u00e9dicos y pacientes en el sistema.<\/p>\n\n\n\n<p>Un equipo transdisciplinario comandado por Juan Manuel Quijada \u2014el Director General de Servicios Psiqui\u00e1tricos del pa\u00eds\u2014ha iniciado un viraje radical, un cambio generacional que ha privilegiado que psiquiatras, psic\u00f3logos y especialistas en salud p\u00fablica comiencen un nuevo modelo y se alejen del fincado en 2002 y que nunca logr\u00f3 consolidarse en buenas pr\u00e1cticas o resultados. La estrategia para sembrar un verdadero sistema nacional de salud mental ha sido audaz.<\/p>\n\n\n\n<p>Se trata, en principio, de capacitar a las comunidades sanitarias y de que personal de enfermer\u00eda y m\u00e9dicos generales puedan identificar padecimientos, canalizar y, en su caso, prescribir psicof\u00e1rmacos o acercar a la gente a otras formas de gestionar \u2014siempre con respaldo cient\u00edfico\u2014 la ansiedad, la depresi\u00f3n, el consumo de sustancias, la psicosis, o cualquier otra condici\u00f3n de salud mental que les genere problemas.<\/p>\n\n\n\n<p>El cambio se dice pronto y f\u00e1cil, pero es esperanzador para los millones de mexicanos con condiciones de salud mental sin acceso a servicios psiqui\u00e1tricos (hay s\u00f3lo cerca de 4500 psiquiatras y la mayor\u00eda se concentra en las colonias privilegiadas de las grandes ciudades) y sin elementos para el autocuidado.<\/p>\n\n\n\n<p>Hasta hoy, con el modelo del equipo de Quijada, se han capacitado 3 mil 500 trabajadores sanitarios para identificar condiciones de salud mental y tratar los casos leves y moderados. El pr\u00f3ximo a\u00f1o, ese n\u00famero puede multiplicarse por diez. El esfuerzo sigue siendo peque\u00f1o frente al reto, pero ha iniciado el camino para ir cerrando la brecha social que hay en la atenci\u00f3n a la salud mental.<\/p>\n\n\n\n<p>*Doctor en ciencia pol\u00edtica por la UNAM.<\/p>\n","protected":false},"excerpt":{"rendered":"<p>Gibr\u00e1n Ram\u00edrez Reyes* Entre las cosas que se han hecho bien en este gobierno destaca&hellip;<\/p>\n","protected":false},"author":2,"featured_media":24099,"comment_status":"closed","ping_status":"open","sticky":false,"template":"","format":"standard","meta":{"_lmt_disableupdate":"","_lmt_disable":"","_jetpack_memberships_contains_paid_content":false,"footnotes":""},"categories":[456,109],"tags":[2489],"class_list":["post-31543","post","type-post","status-publish","format-standard","has-post-thumbnail","hentry","category-columna","category-minuto-a-minuto","tag-gibran-ramirez-reyes"],"jetpack_featured_media_url":"https:\/\/zonaroja.com.mx\/wp-content\/uploads\/2021\/02\/Gibran-Ramirez-Reyes.jpg","jetpack_sharing_enabled":true,"_links":{"self":[{"href":"https:\/\/zonaroja.com.mx\/index.php?rest_route=\/wp\/v2\/posts\/31543","targetHints":{"allow":["GET"]}}],"collection":[{"href":"https:\/\/zonaroja.com.mx\/index.php?rest_route=\/wp\/v2\/posts"}],"about":[{"href":"https:\/\/zonaroja.com.mx\/index.php?rest_route=\/wp\/v2\/types\/post"}],"author":[{"embeddable":true,"href":"https:\/\/zonaroja.com.mx\/index.php?rest_route=\/wp\/v2\/users\/2"}],"replies":[{"embeddable":true,"href":"https:\/\/zonaroja.com.mx\/index.php?rest_route=%2Fwp%2Fv2%2Fcomments&post=31543"}],"version-history":[{"count":1,"href":"https:\/\/zonaroja.com.mx\/index.php?rest_route=\/wp\/v2\/posts\/31543\/revisions"}],"predecessor-version":[{"id":31544,"href":"https:\/\/zonaroja.com.mx\/index.php?rest_route=\/wp\/v2\/posts\/31543\/revisions\/31544"}],"wp:featuredmedia":[{"embeddable":true,"href":"https:\/\/zonaroja.com.mx\/index.php?rest_route=\/wp\/v2\/media\/24099"}],"wp:attachment":[{"href":"https:\/\/zonaroja.com.mx\/index.php?rest_route=%2Fwp%2Fv2%2Fmedia&parent=31543"}],"wp:term":[{"taxonomy":"category","embeddable":true,"href":"https:\/\/zonaroja.com.mx\/index.php?rest_route=%2Fwp%2Fv2%2Fcategories&post=31543"},{"taxonomy":"post_tag","embeddable":true,"href":"https:\/\/zonaroja.com.mx\/index.php?rest_route=%2Fwp%2Fv2%2Ftags&post=31543"}],"curies":[{"name":"wp","href":"https:\/\/api.w.org\/{rel}","templated":true}]}}