{"id":31545,"date":"2021-09-01T10:31:22","date_gmt":"2021-09-01T15:31:22","guid":{"rendered":"http:\/\/www.zonaroja.com.mx\/?p=31545"},"modified":"2021-09-01T10:31:25","modified_gmt":"2021-09-01T15:31:25","slug":"magistrada-sancionada-por-scjn-pretende-formar-parte-de-sistema-antcorrupcion","status":"publish","type":"post","link":"https:\/\/zonaroja.com.mx\/?p=31545","title":{"rendered":"Magistrada sancionada por SCJN, pretende formar parte de sistema antcorrupci\u00f3n"},"content":{"rendered":"\n<p>Redacci\u00f3n\/Zona Roja.<\/p>\n\n\n\n<p>Oaxaca de Ju\u00e1rez, Oax., 1 de septiembre de 2021.- La magistrada Ana Mar\u00eda Cruz Vasconcelos pretende formar parte del Comit\u00e9 de Participaci\u00f3n Ciudadana del Sistema Estatal de Combate a la Corrupci\u00f3n de Oaxaca, sin embargo, se encuentra sancionada por la Suprema Corte de Justicia de la Naci\u00f3n (SCJN).<\/p>\n\n\n\n<p>Por lo que estar\u00eda impedida para ejercer dicho cargo, en caso de que fuera designada, pues cuenta con antecedentes de violaci\u00f3n a los c\u00f3digos de \u00e9tica, por lo que vulnerar\u00eda lo establecido en la fracci\u00f3n V, del art\u00edculo 34 de la Ley Estatal de Combate a la Corrupci\u00f3n, la cual se\u00f1ala: V. Gozar de buena reputaci\u00f3n&#8230;<\/p>\n\n\n\n<p>As\u00ed lo se\u00f1al\u00f3 la asociaci\u00f3n civil \u201cOaxaque\u00f1os contra la Corrupci\u00f3n\u201d, que expuso que el pasado 26 de agosto de 2014, la Comisi\u00f3n Nacional de \u00c9tica Judicial, resolvi\u00f3 el expediente 02\/2014, promovido por el Presidente del Tribunal Contencioso Administrativo del Estado de Oaxaca, en contra de Ana Mar\u00eda Soledad Cruz Vasconcelos.<\/p>\n\n\n\n<p>Conforme a los antecedentes que cita la recomendaci\u00f3n, establece que la Sala Superior del Tribunal de lo Contencioso Administrativo del Poder Judicial del Estado de Oaxaca, solicit\u00f3 a la Comisi\u00f3n Nacional de \u00c9tica Judicial, conociera sobre hechos relacionados con el comportamiento \u00e9tico de una servidora p\u00fablica de una de las Salas de dicho Tribunal.<\/p>\n\n\n\n<p>A\u00f1ade la asociaci\u00f3n civil que despu\u00e9s de realizar el tr\u00e1mite de procesal de notificaciones y alegatos de las partes, la Comisi\u00f3n de \u00c9tica Judicial, estableci\u00f3 que la solicitud radicaba en el comportamiento de la servidora judicial, que aparece en la Sentencia del 11 de junio de 2013, concerniente al expediente 0171\/2011 de la Primera Sala de Primera Instancia de dicho Tribunal, en la que, conforme a la Comisi\u00f3n de \u00c9tica Judicial&nbsp; determin\u00f3 que Ana Mar\u00eda Soledad Vasconcelos, verti\u00f3 argumentos y consideraciones apartadas al profesionalismo y trato irrespetuoso hacia Magistrados integrantes de la Sala Superior.<\/p>\n\n\n\n<p>Despu\u00e9s del an\u00e1lisis realizado por la Comisi\u00f3n de \u00c9tica Judicial, determin\u00f3 que la servidora p\u00fablica incurri\u00f3 en Responsabilidad \u00c9tica, \u00abal faltar al profesionalismo, la cortes\u00eda, la prudencia establecidas en el c\u00f3digo nacional mexicano de \u00e9tica judicial, adem\u00e1s falt\u00f3 a los deberes \u00e9ticos de investidura, cultura de convivencia, ambiente laboral, compromiso institucional, prudencia, responsabilidad, excelencia, objetividad, profesionalismo y prudencia judicial, contenidos en el c\u00f3digo de \u00e9tica del Poder Judicial del Estado de Oaxaca\u00bb.<\/p>\n\n\n\n<p>De igual forma, Ana Mar\u00eda Soledad Cruz Vasconcelos, solicit\u00f3 la intervenci\u00f3n de la Comisi\u00f3n de \u00c9tica Judicial, por lo que se gener\u00f3 el expediente 03\/2014, la cual fue desechada por improcedente.<\/p>\n\n\n\n<p>Por \u00faltimo el an\u00e1lisis de los hechos fueron realizados y firmados por el Presidente de la Suprema Corte de Justicia de la Naci\u00f3n, el ex Ministro&nbsp; Juan N. Silva Meza y el Ministro en retiro Mariano Azuela Guitr\u00f3n, expuso \u201cOaxaque\u00f1os contra la corrupci\u00f3n\u201d.<\/p>\n","protected":false},"excerpt":{"rendered":"<p>Redacci\u00f3n\/Zona Roja. Oaxaca de Ju\u00e1rez, Oax., 1 de septiembre de 2021.- La magistrada Ana Mar\u00eda&hellip;<\/p>\n","protected":false},"author":2,"featured_media":31494,"comment_status":"closed","ping_status":"open","sticky":false,"template":"","format":"standard","meta":{"_lmt_disableupdate":"","_lmt_disable":"","_jetpack_memberships_contains_paid_content":false,"footnotes":""},"categories":[109,47],"tags":[2003],"class_list":["post-31545","post","type-post","status-publish","format-standard","has-post-thumbnail","hentry","category-minuto-a-minuto","category-zona-gris","tag-oaxaquenos-contra-la-corrupcion"],"jetpack_featured_media_url":"https:\/\/zonaroja.com.mx\/wp-content\/uploads\/2021\/08\/Ana-Maria-Cruz-Vasconcelos.jpg","jetpack_sharing_enabled":true,"_links":{"self":[{"href":"https:\/\/zonaroja.com.mx\/index.php?rest_route=\/wp\/v2\/posts\/31545","targetHints":{"allow":["GET"]}}],"collection":[{"href":"https:\/\/zonaroja.com.mx\/index.php?rest_route=\/wp\/v2\/posts"}],"about":[{"href":"https:\/\/zonaroja.com.mx\/index.php?rest_route=\/wp\/v2\/types\/post"}],"author":[{"embeddable":true,"href":"https:\/\/zonaroja.com.mx\/index.php?rest_route=\/wp\/v2\/users\/2"}],"replies":[{"embeddable":true,"href":"https:\/\/zonaroja.com.mx\/index.php?rest_route=%2Fwp%2Fv2%2Fcomments&post=31545"}],"version-history":[{"count":1,"href":"https:\/\/zonaroja.com.mx\/index.php?rest_route=\/wp\/v2\/posts\/31545\/revisions"}],"predecessor-version":[{"id":31546,"href":"https:\/\/zonaroja.com.mx\/index.php?rest_route=\/wp\/v2\/posts\/31545\/revisions\/31546"}],"wp:featuredmedia":[{"embeddable":true,"href":"https:\/\/zonaroja.com.mx\/index.php?rest_route=\/wp\/v2\/media\/31494"}],"wp:attachment":[{"href":"https:\/\/zonaroja.com.mx\/index.php?rest_route=%2Fwp%2Fv2%2Fmedia&parent=31545"}],"wp:term":[{"taxonomy":"category","embeddable":true,"href":"https:\/\/zonaroja.com.mx\/index.php?rest_route=%2Fwp%2Fv2%2Fcategories&post=31545"},{"taxonomy":"post_tag","embeddable":true,"href":"https:\/\/zonaroja.com.mx\/index.php?rest_route=%2Fwp%2Fv2%2Ftags&post=31545"}],"curies":[{"name":"wp","href":"https:\/\/api.w.org\/{rel}","templated":true}]}}