{"id":3155,"date":"2019-08-16T23:04:19","date_gmt":"2019-08-17T04:04:19","guid":{"rendered":"https:\/\/www.zonaroja.com.mx\/?p=3155"},"modified":"2019-08-16T23:04:22","modified_gmt":"2019-08-17T04:04:22","slug":"asesinan-a-profesor-y-locutor-de-radio-comunitaria-en-la-mixteca","status":"publish","type":"post","link":"https:\/\/zonaroja.com.mx\/?p=3155","title":{"rendered":"Asesinan a profesor y locutor de radio comunitaria en la Mixteca"},"content":{"rendered":"<div style=\"font-family: UICTFontTextStyleBody;font-size: 17px;font-style: normal;font-weight: normal;letter-spacing: normal;text-align: start;text-indent: 0px;text-transform: none;text-decoration: none\">Redacci\u00f3n\/Zona Roja.<br \/>\nOaxaca de Ju\u00e1rez, Oax., 17 de agosto de 2019.- Arturo Jorge Ram\u00edrez, profesor y locutor de la radio comunitaria \u201cTuu\u2019 \u00d1Ausavi, fue presuntamente asesinado este viernes en Huajuapan de Le\u00f3n, regi\u00f3n Mixteca del estado de Oaxaca.&nbsp;<\/div>\n<div style=\"font-family: UICTFontTextStyleBody;font-size: 17px;font-style: normal;font-weight: normal;letter-spacing: normal;text-align: start;text-indent: 0px;text-transform: none;text-decoration: none\">De acuerdo con el magisterio, es el tercer asesinato de un trabajador de dicha estaci\u00f3n de radio.&nbsp;<\/div>\n<div style=\"font-family: UICTFontTextStyleBody;font-size: 17px;font-style: normal;font-weight: normal;letter-spacing: normal;text-align: start;text-indent: 0px;text-transform: none;text-decoration: none\">La Secci\u00f3n 22 del Sindicato Nacional de Trabajadores de la Educaci\u00f3n confirm\u00f3 el asesinato del maestro del nivel de Educaci\u00f3n Ind\u00edgena y radialista de la radio en la frecuencia 90.1 de FM de Huajuapan.<\/div>\n<div style=\"font-family: UICTFontTextStyleBody;font-size: 17px;font-style: normal;font-weight: normal;letter-spacing: normal;text-align: start;text-indent: 0px;text-transform: none;text-decoration: none\">\n<div>Inform\u00f3 que Ram\u00edrez Su\u00e1rez fue miembro activo de la delegaci\u00f3n sindical D-I-255 del Sector Huajuapan.<\/div>\n<div>De acuerdo con los datos, el deceso ocurri\u00f3 durante la madrugada de este viernes en la comunidad de San Andr\u00e9s Dinicuiti, Huajuapan, de donde fue originario.<\/div>\n<div>\u201cAnte esta agresi\u00f3n que provoc\u00f3 que el camarada Arturo Jorge perdiera la vida y la constante ola de violencia en contra del magisterio democr\u00e1tico, as\u00ed como a las radios comunitarias, los trabajadores de la educaci\u00f3n de la Secci\u00f3n 22 exigimos a la Fiscal\u00eda General del Estado el esclarecimiento del crimen y justicia para todos los casos que contin\u00faan archivados en espera de resultados\u201d afirm\u00f3 en un comunicado.&nbsp;<\/div>\n<\/div>\n","protected":false},"excerpt":{"rendered":"<p>Redacci\u00f3n\/Zona Roja. Oaxaca de Ju\u00e1rez, Oax., 17 de agosto de 2019.- Arturo Jorge Ram\u00edrez, profesor&hellip;<\/p>\n","protected":false},"author":2,"featured_media":0,"comment_status":"closed","ping_status":"open","sticky":false,"template":"","format":"standard","meta":{"_lmt_disableupdate":"","_lmt_disable":"","_jetpack_memberships_contains_paid_content":false,"footnotes":""},"categories":[1],"tags":[],"class_list":["post-3155","post","type-post","status-publish","format-standard","hentry","category-sin-categoria"],"jetpack_featured_media_url":"","jetpack_sharing_enabled":true,"_links":{"self":[{"href":"https:\/\/zonaroja.com.mx\/index.php?rest_route=\/wp\/v2\/posts\/3155","targetHints":{"allow":["GET"]}}],"collection":[{"href":"https:\/\/zonaroja.com.mx\/index.php?rest_route=\/wp\/v2\/posts"}],"about":[{"href":"https:\/\/zonaroja.com.mx\/index.php?rest_route=\/wp\/v2\/types\/post"}],"author":[{"embeddable":true,"href":"https:\/\/zonaroja.com.mx\/index.php?rest_route=\/wp\/v2\/users\/2"}],"replies":[{"embeddable":true,"href":"https:\/\/zonaroja.com.mx\/index.php?rest_route=%2Fwp%2Fv2%2Fcomments&post=3155"}],"version-history":[{"count":1,"href":"https:\/\/zonaroja.com.mx\/index.php?rest_route=\/wp\/v2\/posts\/3155\/revisions"}],"predecessor-version":[{"id":3156,"href":"https:\/\/zonaroja.com.mx\/index.php?rest_route=\/wp\/v2\/posts\/3155\/revisions\/3156"}],"wp:attachment":[{"href":"https:\/\/zonaroja.com.mx\/index.php?rest_route=%2Fwp%2Fv2%2Fmedia&parent=3155"}],"wp:term":[{"taxonomy":"category","embeddable":true,"href":"https:\/\/zonaroja.com.mx\/index.php?rest_route=%2Fwp%2Fv2%2Fcategories&post=3155"},{"taxonomy":"post_tag","embeddable":true,"href":"https:\/\/zonaroja.com.mx\/index.php?rest_route=%2Fwp%2Fv2%2Ftags&post=3155"}],"curies":[{"name":"wp","href":"https:\/\/api.w.org\/{rel}","templated":true}]}}