{"id":31551,"date":"2021-09-01T16:02:59","date_gmt":"2021-09-01T21:02:59","guid":{"rendered":"https:\/\/www.zonaroja.com.mx\/?p=31551"},"modified":"2021-09-01T19:34:16","modified_gmt":"2021-09-02T00:34:16","slug":"celebran-suspension-temporal-de-obra-en-simbolos-patrios-buscan-que-sea-definitiva","status":"publish","type":"post","link":"https:\/\/zonaroja.com.mx\/?p=31551","title":{"rendered":"Celebran suspensi\u00f3n temporal de obra en S\u00edmbolos Patrios; buscan que sea definitiva"},"content":{"rendered":"\n<p class=\"MsoNormal\">Evlin Arag\u00f3n\/Zona Roja.&nbsp;<\/p>\n\n\n\n<p class=\"MsoNormal\">Oaxaca de Ju\u00e1rez, Oax., 1 de septiembre de 2021.-&nbsp;Activistas en defensa del medio ambiente celebraron la resoluci\u00f3n emitida por un juez del Poder Judicial Federal, que suspende de manera temporal la obra de ampliaci\u00f3n de la avenida S\u00edmbolos Patrios, la cual representan un atentado contra la naturaleza.&nbsp;&nbsp;&nbsp;&nbsp;<\/p>\n\n\n\n<p class=\"MsoNormal\">Lo anterior tras la solicitud del grupo ciudadano que se opone al derribo de m\u00e1s de mil \u00e1rboles ubicados en la zona, acci\u00f3n que ha sido reconocida por la Secretar\u00eda de las Infraestructuras y Ordenamiento Territorial (Sinfra), a cargo de Javier Lazcano Vargas.&nbsp;<\/p>\n\n\n\n<p class=\"MsoNormal\">Markoa V\u00e1squez indic\u00f3 que continuar\u00e1n el proceso jur\u00eddico en el que tienen 15 d\u00edas para aportar las pruebas y dict\u00e1menes necesarios que permitan una suspensi\u00f3n definitiva del proyecto que pone en riesgo no solo la flora y fauna del lugar, sino la calidad de vida de las personas.&nbsp;&nbsp;<\/p>\n\n\n\n<p class=\"MsoNormal\">\u201cQueremos decir claro y fuerte que no estamos en contra de la obra, queremos el progreso para Oaxaca, pero que no atente contra la calidad de vida de la humanidad y de todas las especies que habitan est\u00e1 casa com\u00fan\u201d, refiri\u00f3.&nbsp;<\/p>\n\n\n\n<p class=\"MsoNormal\">Manifest\u00f3 que, con la sentencia emitida, el gobierno de Oaxaca tiene prohibida la tala de cualquier \u00e1rbol que se ubique en tramo carretero que conforma la obra, misma que va del crucero de S\u00edmbolos Patrios al cruce de vialidades del Aeropuerto.\u00a0\u00a0<\/p>\n\n\n\n<figure class=\"wp-block-embed-twitter wp-block-embed is-type-rich is-provider-twitter\"><div class=\"wp-block-embed__wrapper\">\n<div class=\"twitter-tweet\"><blockquote class=\"twitter-tweet\" data-lang=\"es\"><p lang=\"es\" dir=\"ltr\"><a href=\"https:\/\/twitter.com\/hashtag\/%C3%9AltimoMinuto?src=hash&amp;ref_src=twsrc%5Etfw\">#\u00daltimoMinuto<\/a> <br>Ambientalistas y colonos de asentamientos de la zona sur de la ciudad de <a href=\"https:\/\/twitter.com\/hashtag\/Oaxaca?src=hash&amp;ref_src=twsrc%5Etfw\">#Oaxaca<\/a>, confirmaron que un juez federal otorg\u00f3 una suspensi\u00f3n a las obras de la avenida S\u00edmbolos Patrios.<br>Reiteran su rechazo a que <a href=\"https:\/\/twitter.com\/SINFRA_GobOax?ref_src=twsrc%5Etfw\">@SINFRA_GobOax<\/a> derribe alrededor de mil 500 \u00e1rboles. <a href=\"https:\/\/t.co\/D8nyCcmGCR\">pic.twitter.com\/D8nyCcmGCR<\/a><\/p>&mdash; Zona Roja Oaxaca (@Zona_Roja_Oax) <a href=\"https:\/\/twitter.com\/Zona_Roja_Oax\/status\/1433119958553214976?ref_src=twsrc%5Etfw\">1 de septiembre de 2021<\/a><\/blockquote><\/div>\n<\/div><\/figure>\n\n\n\n<p class=\"MsoNormal\">As\u00ed mismo lament\u00f3 que la suspensi\u00f3n de la obra signifique la perdida de recursos, m\u00e1s de 200 millones de pesos, aunque destac\u00f3 que se estar\u00e1 dando un paso contundente en la defensa del medioambiente.&nbsp;<\/p>\n\n\n\n<p class=\"MsoNormal\">Por su parte, el arquitecto&nbsp;Omar Mart\u00ednez Salazar, record\u00f3 que el proyecto de la Sinfra &nbsp;no contempla banquetas, ciclov\u00edas y pasos a desnivel para los peatones, mucho menos la infiltraci\u00f3n del agua pluvial y la presencia de \u00e1rboles, por lo que carece de sustentabilidad.&nbsp;&nbsp;<\/p>\n\n\n\n<p class=\"MsoNormal\">Explic\u00f3 que despu\u00e9s de varios intentos, pudieron tener acceso a los documentos oficiales por medio de la p\u00e1gina de internet de la dependencia, sin embargo, es un hecho que solo han hecho p\u00fablico lo que conviene a sus intereses y no la informaci\u00f3n que ha solicitado la ciudadan\u00eda.&nbsp;<\/p>\n\n\n\n<p class=\"MsoNormal\">Finalmente, detall\u00f3 que ya existen propuestas humanistas e incluyentes para llevar a cabo la obra, las cuales permitir\u00edan el progreso y el cuidado del medioambiente.  <\/p>\n","protected":false},"excerpt":{"rendered":"<p>Evlin Arag\u00f3n\/Zona Roja.&nbsp; Oaxaca de Ju\u00e1rez, Oax., 1 de septiembre de 2021.-&nbsp;Activistas en defensa del&hellip;<\/p>\n","protected":false},"author":2,"featured_media":31550,"comment_status":"closed","ping_status":"open","sticky":false,"template":"","format":"standard","meta":{"_lmt_disableupdate":"","_lmt_disable":"","_jetpack_memberships_contains_paid_content":false,"footnotes":""},"categories":[109,47],"tags":[],"class_list":["post-31551","post","type-post","status-publish","format-standard","has-post-thumbnail","hentry","category-minuto-a-minuto","category-zona-gris"],"jetpack_featured_media_url":"https:\/\/zonaroja.com.mx\/wp-content\/uploads\/2021\/09\/7e6a4b14-3542-4411-9b55-d84539835cb2.jpg","jetpack_sharing_enabled":true,"_links":{"self":[{"href":"https:\/\/zonaroja.com.mx\/index.php?rest_route=\/wp\/v2\/posts\/31551","targetHints":{"allow":["GET"]}}],"collection":[{"href":"https:\/\/zonaroja.com.mx\/index.php?rest_route=\/wp\/v2\/posts"}],"about":[{"href":"https:\/\/zonaroja.com.mx\/index.php?rest_route=\/wp\/v2\/types\/post"}],"author":[{"embeddable":true,"href":"https:\/\/zonaroja.com.mx\/index.php?rest_route=\/wp\/v2\/users\/2"}],"replies":[{"embeddable":true,"href":"https:\/\/zonaroja.com.mx\/index.php?rest_route=%2Fwp%2Fv2%2Fcomments&post=31551"}],"version-history":[{"count":2,"href":"https:\/\/zonaroja.com.mx\/index.php?rest_route=\/wp\/v2\/posts\/31551\/revisions"}],"predecessor-version":[{"id":31559,"href":"https:\/\/zonaroja.com.mx\/index.php?rest_route=\/wp\/v2\/posts\/31551\/revisions\/31559"}],"wp:featuredmedia":[{"embeddable":true,"href":"https:\/\/zonaroja.com.mx\/index.php?rest_route=\/wp\/v2\/media\/31550"}],"wp:attachment":[{"href":"https:\/\/zonaroja.com.mx\/index.php?rest_route=%2Fwp%2Fv2%2Fmedia&parent=31551"}],"wp:term":[{"taxonomy":"category","embeddable":true,"href":"https:\/\/zonaroja.com.mx\/index.php?rest_route=%2Fwp%2Fv2%2Fcategories&post=31551"},{"taxonomy":"post_tag","embeddable":true,"href":"https:\/\/zonaroja.com.mx\/index.php?rest_route=%2Fwp%2Fv2%2Ftags&post=31551"}],"curies":[{"name":"wp","href":"https:\/\/api.w.org\/{rel}","templated":true}]}}