{"id":31553,"date":"2021-09-01T17:53:08","date_gmt":"2021-09-01T22:53:08","guid":{"rendered":"https:\/\/www.zonaroja.com.mx\/?p=31553"},"modified":"2021-09-01T17:53:11","modified_gmt":"2021-09-01T22:53:11","slug":"suprema-corte-invalida-ley-organica-de-universidad-comunal-de-oaxaca","status":"publish","type":"post","link":"https:\/\/zonaroja.com.mx\/?p=31553","title":{"rendered":"Suprema Corte invalida Ley Org\u00e1nica de Universidad Comunal de Oaxaca"},"content":{"rendered":"\n<p class=\"MsoNormal\">Evlin Arag\u00f3n\/Zona Roja.<\/p>\n\n\n\n<p class=\"MsoNormal\">Oaxaca de Ju\u00e1rez, Oax., 1 de septiembre de 2021.1&nbsp;El pleno de la Suprema Corte de Justicia de la Naci\u00f3n (SCJN) invalid\u00f3 el Decreto 1201 por medio del cual el Congreso local expidi\u00f3 la Ley Org\u00e1nica de la Universidad Aut\u00f3noma Comunal de Oaxaca, debido a la falta de consulta previa, conforme lo marcan las normatividades nacionales e internacionales.&nbsp;&nbsp;&nbsp;<\/p>\n\n\n\n<p class=\"MsoNormal\">As\u00ed lo dio a conocer la instancia jur\u00eddica, bajo el argument\u00f3 que, toda vez que la instituci\u00f3n educativa busca dar atenci\u00f3n a la comunidad ind\u00edgena, los lineamientos que le den sustento deben contar con la aprobaci\u00f3n de los pueblos a los que pretende beneficiar.&nbsp;&nbsp;<\/p>\n\n\n\n<p class=\"MsoNormal\">Lo anterior de conformidad con el articulo 2 de la Constituci\u00f3n Pol\u00edtica de los Estados Unidos Mexicanos y del art\u00edculo 6 del Convenio 169 de la Organizaci\u00f3n Internacional del Trabajo (OIT).&nbsp;&nbsp;<\/p>\n\n\n\n<p class=\"MsoNormal\">\u201cLa SCJN determin\u00f3 que los preceptos invalidados incid\u00edan directamente en los intereses de los pueblos y comunidades ind\u00edgenas del estado de Oaxaca, en virtud de que se trata de una instituci\u00f3n estatal destinada a la atenci\u00f3n de las necesidades de educaci\u00f3n superior de estas comunidades. Por tanto, exist\u00eda la obligaci\u00f3n de consultar a dichos grupos de manera previa a la expedici\u00f3n de la ley\u201d.&nbsp;&nbsp;<\/p>\n\n\n\n<p class=\"MsoNormal\">Por lo anterior, el Congreso de Oaxaca tendr\u00e1 un plazo de 18 meses para llevar a cabo las consultas correspondientes con los pueblos y comunidades ind\u00edgenas involucrados, y con los resultados obtenidos emitir la regulaci\u00f3n que corresponda en tiempo y forma.&nbsp;&nbsp;<\/p>\n\n\n\n<p class=\"MsoNormal\">\u201cLa invalidez decretada por la SCJN surtir\u00e1 efectos dieciocho meses despu\u00e9s de que se notifiquen los puntos resolutivos al Congreso local. Dentro de ese mismo plazo, el Congreso local deber\u00e1 desarrollar las consultas correspondientes y con base en los resultados emitir la regulaci\u00f3n que corresponda\u201d, refiere.&nbsp;&nbsp;&nbsp;<\/p>\n\n\n\n<p class=\"MsoNormal\">La acci\u00f3n de inconstitucionalidad 180\/2020 fue promovida por la Comisi\u00f3n Nacional de los Derechos Humanos, instancia que demand\u00f3 la invalidez del Decreto 1201 aprobado en el pleno del Congreso de Oaxaca y publicado en el Peri\u00f3dico Oficial el 20 de abril del 2020.&nbsp;&nbsp;<\/p>\n\n\n\n<p class=\"MsoNormal\">Fue en septiembre del a\u00f1o pasado que, mediante una ceremonia en Santa Mar\u00eda Tlahuitoltepec, fue presentada la UACO con un modelo educativo que privilegia el conocimiento cr\u00edtico de la colectividad, al reconocer la cultura que se genera en los pueblos a partir de su experiencia concreta.&nbsp;<\/p>\n\n\n\n<p class=\"MsoNormal\">Ah\u00ed fue designado como rector el antrop\u00f3logo social Jaime Mart\u00ednez Luna, y se entregaron t\u00edtulos de nombramiento a los coordinadores acad\u00e9micos de las 15 subsedes de la nueva instituci\u00f3n, que operan en Santa Mar\u00eda Tlahuitoltepec, Santa Mar\u00eda Yaviche, Comitancillo, Jaltepec de Candayoc, San Antonio Huitepec, Capul\u00e1lpam de M\u00e9ndez, San Andr\u00e9s Solaga, Santa Mar\u00eda Colotepec, Uni\u00f3n Hidalgo, Ciudad Ixtepec, Mat\u00edas Romero, San Pedro Amuzgos, San Francisco Ixhuat\u00e1n, Tlaxiaco y Guelatao de Ju\u00e1rez. <\/p>\n","protected":false},"excerpt":{"rendered":"<p>Evlin Arag\u00f3n\/Zona Roja. Oaxaca de Ju\u00e1rez, Oax., 1 de septiembre de 2021.1&nbsp;El pleno de la&hellip;<\/p>\n","protected":false},"author":2,"featured_media":7007,"comment_status":"closed","ping_status":"open","sticky":false,"template":"","format":"standard","meta":{"_lmt_disableupdate":"","_lmt_disable":"","_jetpack_memberships_contains_paid_content":false,"footnotes":""},"categories":[109,47],"tags":[],"class_list":["post-31553","post","type-post","status-publish","format-standard","has-post-thumbnail","hentry","category-minuto-a-minuto","category-zona-gris"],"jetpack_featured_media_url":"https:\/\/zonaroja.com.mx\/wp-content\/uploads\/2019\/12\/SCJN.jpg","jetpack_sharing_enabled":true,"_links":{"self":[{"href":"https:\/\/zonaroja.com.mx\/index.php?rest_route=\/wp\/v2\/posts\/31553","targetHints":{"allow":["GET"]}}],"collection":[{"href":"https:\/\/zonaroja.com.mx\/index.php?rest_route=\/wp\/v2\/posts"}],"about":[{"href":"https:\/\/zonaroja.com.mx\/index.php?rest_route=\/wp\/v2\/types\/post"}],"author":[{"embeddable":true,"href":"https:\/\/zonaroja.com.mx\/index.php?rest_route=\/wp\/v2\/users\/2"}],"replies":[{"embeddable":true,"href":"https:\/\/zonaroja.com.mx\/index.php?rest_route=%2Fwp%2Fv2%2Fcomments&post=31553"}],"version-history":[{"count":1,"href":"https:\/\/zonaroja.com.mx\/index.php?rest_route=\/wp\/v2\/posts\/31553\/revisions"}],"predecessor-version":[{"id":31554,"href":"https:\/\/zonaroja.com.mx\/index.php?rest_route=\/wp\/v2\/posts\/31553\/revisions\/31554"}],"wp:featuredmedia":[{"embeddable":true,"href":"https:\/\/zonaroja.com.mx\/index.php?rest_route=\/wp\/v2\/media\/7007"}],"wp:attachment":[{"href":"https:\/\/zonaroja.com.mx\/index.php?rest_route=%2Fwp%2Fv2%2Fmedia&parent=31553"}],"wp:term":[{"taxonomy":"category","embeddable":true,"href":"https:\/\/zonaroja.com.mx\/index.php?rest_route=%2Fwp%2Fv2%2Fcategories&post=31553"},{"taxonomy":"post_tag","embeddable":true,"href":"https:\/\/zonaroja.com.mx\/index.php?rest_route=%2Fwp%2Fv2%2Ftags&post=31553"}],"curies":[{"name":"wp","href":"https:\/\/api.w.org\/{rel}","templated":true}]}}