{"id":31555,"date":"2021-09-01T19:29:30","date_gmt":"2021-09-02T00:29:30","guid":{"rendered":"http:\/\/www.zonaroja.com.mx\/?p=31555"},"modified":"2021-09-01T19:29:46","modified_gmt":"2021-09-02T00:29:46","slug":"presume-amlo-records-tengan-para-que-aprendan-dice-a-tecnocratas","status":"publish","type":"post","link":"https:\/\/zonaroja.com.mx\/?p=31555","title":{"rendered":"Presume AMLO r\u00e9cords; \u201ctengan, para que aprendan\u201d, dice a tecn\u00f3cratas"},"content":{"rendered":"\n<p>Redacci\u00f3n\/Zona Roja Cdmx.<\/p>\n\n\n\n<p>Ciudad de M\u00e9xico, 1 de septiembre de 2021.- El Presidente de M\u00e9xico, Andr\u00e9s Manuel L\u00f3pez Obrador, \u201cpresumi\u00f3\u201d este mi\u00e9rcoles las cifras r\u00e9cord que han presentado diferentes \u00edndices de la econom\u00eda mexicana durante su administraci\u00f3n.<\/p>\n\n\n\n<p>Entre ellos destaca el r\u00e9cord hist\u00f3rico en remesas, en inversi\u00f3n extranjera, en incremento al salario m\u00ednimo, en no devaluaci\u00f3n del peso, en no incremento de deuda, en aumento del \u00cdndice de la Bolsa de Valores y en las reservas del Banco de M\u00e9xico.<\/p>\n\n\n\n<p>\u201cEst\u00e1 como para presumir a los cuatro vientos. Es como para decirle a los tecn\u00f3cratas liberales tengan para que aprendan\u201d, dijo durante su Tercer Informe de Gobierno.<\/p>\n\n\n\n<p>Sobre la inversi\u00f3n extranjera dijo que en el primer semestre fue de 18 mil 433 millones de d\u00f3lares, 2.6 por ciento mayor a la registrada en el mismo periodo del a\u00f1o pasado y la mejor en la historia del pa\u00eds.<\/p>\n\n\n\n<p>El peso no se ha devaluado, dijo, durante los dos a\u00f1os y 9 meses del sexenio, como no hab\u00eda sucedido en tres d\u00e9cadas.<\/p>\n\n\n\n<p>Indic\u00f3 que el salario m\u00ednimo ha aumentado en t\u00e9rminos reales en 44 por ciento, \u201calgo que no hab\u00eda ocurrido en m\u00e1s de 30 a\u00f1os\u201d. Agreg\u00f3 que cuando lleg\u00f3 al Gobierno, un salario m\u00ednimo alcanzaba para comprar 5.8 kilogramos de tortilla y ahora, a pesar de la inflaci\u00f3n, permite adquirir 7.7.<\/p>\n\n\n\n<p>Dijo que el \u00cdndice de Precios y Cotizaciones de la Bolsa ha crecido en 28 por ciento. La inflaci\u00f3n aunque recientemente aument\u00f3 ya se mantiene estable, agreg\u00f3.<\/p>\n\n\n\n<p>Tambi\u00e9n remarc\u00f3 que se ha reducido 3.5 por ciento la tasa de inter\u00e9s que fija el Banxico, y \u201csi esta instituci\u00f3n ten\u00eda a fines de la administraci\u00f3n pasada a reservas por 173 mil 775 millones de d\u00f3lares, actualmente asciende a 205 mil 391 millones de d\u00f3lares, un aumento del 18 por ciento\u201d.<\/p>\n\n\n\n<p>Las remesas enviadas a M\u00e9xico alcanzaron en julio un r\u00e9cord de 4 mil 540 millones de d\u00f3lares, impulsadas por el est\u00edmulo fiscal de Estados Unidos y el fuerte crecimiento.<\/p>\n\n\n\n<p>En su tercer informe de gobierno, este mi\u00e9rcoles el presidente Andr\u00e9s Manuel L\u00f3pez Obrador habl\u00f3 sobre los logros de su administraci\u00f3n en estos dos a\u00f1os y nueve meses.<\/p>\n\n\n\n<p>Algunas de las palabras que m\u00e1s repiti\u00f3 l\u00edder del Ejecutivo durante su discurso fueron M\u00e9xico, pa\u00eds, gobierno, corrupci\u00f3n, pueblo, pesos, d\u00f3lares, todos, pobres, presupuesto, hist\u00f3rico, pandemia, crisis, refiner\u00eda, bienestar y r\u00e9cord.<\/p>\n\n\n\n<p>Acompa\u00f1ado de su gabinete, L\u00f3pez Obrador destac\u00f3 los logros en seguridad, programas sociales, energ\u00eda, entre otros.<\/p>\n\n\n\n<p>De igual forma afirm\u00f3 este mi\u00e9rcoles que podr\u00eda salir por la puerta grande de la Presidencia sin problema alguno, luego de lo que se ha logrado durante su administraci\u00f3n.<\/p>\n\n\n\n<p>\u201cComo lo escrib\u00ed en la introducci\u00f3n de mi nuevo libro \u2018A la mitad del Camino\u2019: Es tan importante lo logrado hasta ahora, que podr\u00eda dejar ahora mismo la presidencia sin sentirme mal con mi conciencia, que es lo que estim\u00f3 m\u00e1s importante en mi vida\u201d, dijo.<\/p>\n\n\n\n<p>(Informaci\u00f3n de \u00abEl Financiero\u00bb)<\/p>\n","protected":false},"excerpt":{"rendered":"<p>Redacci\u00f3n\/Zona Roja Cdmx. Ciudad de M\u00e9xico, 1 de septiembre de 2021.- El Presidente de M\u00e9xico,&hellip;<\/p>\n","protected":false},"author":2,"featured_media":31556,"comment_status":"closed","ping_status":"open","sticky":false,"template":"","format":"standard","meta":{"_lmt_disableupdate":"","_lmt_disable":"","_jetpack_memberships_contains_paid_content":false,"footnotes":""},"categories":[109,46],"tags":[143],"class_list":["post-31555","post","type-post","status-publish","format-standard","has-post-thumbnail","hentry","category-minuto-a-minuto","category-zona-blanca","tag-andres-manuel-lopez-obrador"],"jetpack_featured_media_url":"https:\/\/zonaroja.com.mx\/wp-content\/uploads\/2021\/09\/Tercer-informe-Lopez-Obrador.jpg","jetpack_sharing_enabled":true,"_links":{"self":[{"href":"https:\/\/zonaroja.com.mx\/index.php?rest_route=\/wp\/v2\/posts\/31555","targetHints":{"allow":["GET"]}}],"collection":[{"href":"https:\/\/zonaroja.com.mx\/index.php?rest_route=\/wp\/v2\/posts"}],"about":[{"href":"https:\/\/zonaroja.com.mx\/index.php?rest_route=\/wp\/v2\/types\/post"}],"author":[{"embeddable":true,"href":"https:\/\/zonaroja.com.mx\/index.php?rest_route=\/wp\/v2\/users\/2"}],"replies":[{"embeddable":true,"href":"https:\/\/zonaroja.com.mx\/index.php?rest_route=%2Fwp%2Fv2%2Fcomments&post=31555"}],"version-history":[{"count":2,"href":"https:\/\/zonaroja.com.mx\/index.php?rest_route=\/wp\/v2\/posts\/31555\/revisions"}],"predecessor-version":[{"id":31558,"href":"https:\/\/zonaroja.com.mx\/index.php?rest_route=\/wp\/v2\/posts\/31555\/revisions\/31558"}],"wp:featuredmedia":[{"embeddable":true,"href":"https:\/\/zonaroja.com.mx\/index.php?rest_route=\/wp\/v2\/media\/31556"}],"wp:attachment":[{"href":"https:\/\/zonaroja.com.mx\/index.php?rest_route=%2Fwp%2Fv2%2Fmedia&parent=31555"}],"wp:term":[{"taxonomy":"category","embeddable":true,"href":"https:\/\/zonaroja.com.mx\/index.php?rest_route=%2Fwp%2Fv2%2Fcategories&post=31555"},{"taxonomy":"post_tag","embeddable":true,"href":"https:\/\/zonaroja.com.mx\/index.php?rest_route=%2Fwp%2Fv2%2Ftags&post=31555"}],"curies":[{"name":"wp","href":"https:\/\/api.w.org\/{rel}","templated":true}]}}